{"id":55840,"date":"2024-06-19T17:42:00","date_gmt":"2024-06-19T23:42:00","guid":{"rendered":"https:\/\/encuentroinformativo.com.mx\/?p=55840"},"modified":"2024-06-20T10:44:20","modified_gmt":"2024-06-20T16:44:20","slug":"cesar-i-y-michelle-engel-seran-coronados-como-reyes-del-carnaval-lgbtq-de-veracruz","status":"publish","type":"post","link":"https:\/\/encuentroinformativo.com.mx\/?p=55840","title":{"rendered":"C\u00e9sar I y Michelle Engel ser\u00e1n coronados como reyes del Carnaval LGBTQ+ de Veracruz"},"content":{"rendered":"\n<p><strong>Alejandro \u00c1vila<\/strong><\/p>\n\n\n\n<p>Veracruz, Ver.- Flypy Morales presento a los reyes del Carnaval LBTQ+ de Veracruz de la Asociaci\u00f3n Civil \u201cPor un Veracruz Sin Discriminaci\u00f3n (PUVSD), mismos que ser\u00e1n coronados el pr\u00f3ximo 26 de junio en el sal\u00f3n &#8220;Dos Bocas&#8221; a las 20:30 horas.<\/p>\n\n\n\n<p>Se trata del Licenciando en Finanzas y Contadur\u00eda P\u00fablica, C\u00e9sar de Alegr\u00eda y de la maestra de danza, actriz y bailarina Michelle Engel Sandoval, quienes ser\u00e1n coronados como soberanos de la comunidad LGBTQ+ de dicha asociaci\u00f3n civil.<\/p>\n\n\n\n<p>Flypy Morales de Franco, presidenta de PUVSD, coment\u00f3: \u201cSe trata de un evento gratuito abierto a todo el p\u00fablico en donde tendremos un gran espect\u00e1culo nacional que nos va a divertir mucho (\u2026) Esa misma noche nosotros arrancamos tambi\u00e9n con los festejos del centenario del Carnaval y que mejor hacerlo con nuestra magna coronaci\u00f3n de C\u00e9sar de Alegr\u00eda y Michelle Engel.<\/p>\n\n\n\n<p>Por su parte el Rey electo, C\u00e9sar de Alegr\u00eda, expres\u00f3 que creci\u00f3 y vivi\u00f3 con la tradici\u00f3n del Carnaval ya que es sobrino del maestro Honorato Vel\u00e1zquez, leyenda viviente de los carnavales veracruzanos con una participaci\u00f3n de m\u00e1s de 50 a\u00f1os.<\/p>\n\n\n\n<p>\u201cCrec\u00ed viendo a mi t\u00edo, el maestro Honorato Vel\u00e1squez Borja participar con su carro aleg\u00f3rico cada a\u00f1o desde que tengo uso de raz\u00f3n, el amor que le tiene a esta fiesta me hizo pensar que alg\u00fan d\u00eda yo tambi\u00e9n podr\u00eda participar y dar lo mejor de m\u00ed y que mejor hacerlo en el Centenario del Carnaval\u201d.<\/p>\n\n\n\n<p>Asimismo la reina electa, Michelle Engel Sandoval, se dijo feliz de haber aceptado la invitaci\u00f3n de la Asociaci\u00f3n Civil \u201cPor un Veracruz Sin Discriminaci\u00f3n\u201d:<\/p>\n\n\n\n<p>Agradezco la invitaci\u00f3n y tenemos preparadas muchas sorpresas para la coronaci\u00f3n y para nuestra participaci\u00f3n en los desfiles y me emociona ser parte de la historia del Carnaval, sobre todo este a\u00f1o que tenemos como reina a la cantante veracruzana Yuri.<\/p>\n\n\n\n<p>Para fnalizar, Flypy Morales reiter\u00f3 la invitaci\u00f3n al p\u00fablico en general a la magna coronaci\u00f3n de Michelle Engel y C\u00e9sar de Alegr\u00eda. La cita es el mi\u00e9rcoles 26 de junio a partir de las 20:30 horas en el sal\u00f3n \u201cDos Bocas\u201d ubicado en Luz Nava esquina Negrete en la colonia Zaragoza del Puerto de Veracruz.<\/p>\n","protected":false},"excerpt":{"rendered":"<p>Alejandro \u00c1vila Veracruz, Ver.- Flypy Morales presento a los reyes del Carnaval LBTQ+ de Veracruz de la Asociaci\u00f3n Civil \u201cPor un Veracruz Sin Discriminaci\u00f3n (PUVSD), mismos que ser\u00e1n coronados el pr\u00f3ximo 26 de junio en el sal\u00f3n &#8220;Dos Bocas&#8221; a las 20:30 horas. Se trata del Licenciando en Finanzas y Contadur\u00eda P\u00fablica, C\u00e9sar de Alegr\u00eda [&hellip;]<\/p>\n","protected":false},"author":2476,"featured_media":55841,"comment_status":"open","ping_status":"open","sticky":false,"template":"","format":"standard","meta":{"_jetpack_memberships_contains_paid_content":false,"footnotes":""},"categories":[2],"tags":[],"class_list":["post-55840","post","type-post","status-publish","format-standard","has-post-thumbnail","hentry","category-estado"],"jetpack_featured_media_url":"https:\/\/encuentroinformativo.com.mx\/wp-content\/uploads\/2024\/06\/IMG-20240620-WA0026.jpg","jetpack_sharing_enabled":true,"jetpack_likes_enabled":true,"amp_enabled":true,"_links":{"self":[{"href":"https:\/\/encuentroinformativo.com.mx\/index.php?rest_route=\/wp\/v2\/posts\/55840","targetHints":{"allow":["GET"]}}],"collection":[{"href":"https:\/\/encuentroinformativo.com.mx\/index.php?rest_route=\/wp\/v2\/posts"}],"about":[{"href":"https:\/\/encuentroinformativo.com.mx\/index.php?rest_route=\/wp\/v2\/types\/post"}],"author":[{"embeddable":true,"href":"https:\/\/encuentroinformativo.com.mx\/index.php?rest_route=\/wp\/v2\/users\/2476"}],"replies":[{"embeddable":true,"href":"https:\/\/encuentroinformativo.com.mx\/index.php?rest_route=%2Fwp%2Fv2%2Fcomments&post=55840"}],"version-history":[{"count":1,"href":"https:\/\/encuentroinformativo.com.mx\/index.php?rest_route=\/wp\/v2\/posts\/55840\/revisions"}],"predecessor-version":[{"id":55842,"href":"https:\/\/encuentroinformativo.com.mx\/index.php?rest_route=\/wp\/v2\/posts\/55840\/revisions\/55842"}],"wp:featuredmedia":[{"embeddable":true,"href":"https:\/\/encuentroinformativo.com.mx\/index.php?rest_route=\/wp\/v2\/media\/55841"}],"wp:attachment":[{"href":"https:\/\/encuentroinformativo.com.mx\/index.php?rest_route=%2Fwp%2Fv2%2Fmedia&parent=55840"}],"wp:term":[{"taxonomy":"category","embeddable":true,"href":"https:\/\/encuentroinformativo.com.mx\/index.php?rest_route=%2Fwp%2Fv2%2Fcategories&post=55840"},{"taxonomy":"post_tag","embeddable":true,"href":"https:\/\/encuentroinformativo.com.mx\/index.php?rest_route=%2Fwp%2Fv2%2Ftags&post=55840"}],"curies":[{"name":"wp","href":"https:\/\/api.w.org\/{rel}","templated":true}]}}