{"id":55849,"date":"2024-06-20T10:56:29","date_gmt":"2024-06-20T16:56:29","guid":{"rendered":"https:\/\/encuentroinformativo.com.mx\/?p=55849"},"modified":"2024-06-20T10:56:34","modified_gmt":"2024-06-20T16:56:34","slug":"marina-mercante-de-mexico-comprara-buque-escuela-de-practicas","status":"publish","type":"post","link":"https:\/\/encuentroinformativo.com.mx\/?p=55849","title":{"rendered":"Marina Mercante de M\u00e9xico comprar\u00e1 buque escuela de pr\u00e1cticas"},"content":{"rendered":"\n<p><strong>Alejandro \u00c1vila<\/strong><\/p>\n\n\n\n<p>Veracruz, Ver.- El Capit\u00e1n de Altura, Manuel Fernando Guti\u00e9rrez Gallardo, coordinador general de Puertos y Marina Mercante, inform\u00f3 que la Secretar\u00eda de Marina y la Universidad Mar\u00edtima Mercante de la Ciudad de M\u00e9xico dieron el visto bueno para la compra de un buque escuela de pr\u00e1cticas, bajo una licitaci\u00f3n internacional.<\/p>\n\n\n\n<p>De esta manera, dijo, los estudiantes de la Marina Mercante realizar\u00e1n sus pr\u00e1cticas profesionales, y se titular\u00e1n en el tiempo establecido de acuerdo a las normas de titulaci\u00f3n que marca la Organizaci\u00f3n Mar\u00edtima Internacional.<\/p>\n\n\n\n<p>&#8220;Vamos a iniciar con un barco de entrenamiento que ya est\u00e1 en proceso de adquisici\u00f3n a trav\u00e9s de una licitaci\u00f3n p\u00fablica internacional, y esperemos que antes de que termine el a\u00f1o ya tengamos barco escuela, barco de entrenamiento (\u2026) no, es un barco m\u00e1s dedicado a la Marina Mercante, un barco de carga general, multiprop\u00f3sito, para que cumpla con que los alumnos puedan hacer pr\u00e1cticas, adem\u00e1s de navegaci\u00f3n y de m\u00e1quinas, hagan pr\u00e1ctica de estabilidad de la carga, de carga y estiba&#8221;, puntualiz\u00f3.<\/p>\n\n\n\n<p>El funcionario federal record\u00f3 que hace a\u00f1os exist\u00eda el buque escuela N\u00e1uticas M\u00e9xico, y desde que este dej\u00f3 de funcionar, se tuvieron que hacer convenios de colaboraci\u00f3n con navieras nacionales e internacionales para que los estudiantes pudieran realizar sus pr\u00e1cticas profesionales.<\/p>\n\n\n\n<p>&#8220;El barco va a estar movi\u00e9ndose entre el Pac\u00edfico y el Golfo a donde consiga flete, es importante que el barco sea autosustentable y genere sus propios para su mantenimiento&#8221;, subray\u00f3.<\/p>\n\n\n\n<p>Finalmente, Manuel Guti\u00e9rrez Gallardo, dijo tener conocimiento de la solicitud hecha por el Ayuntamiento de Boca del R\u00edo para combatir el socav\u00f3n que se da constantemente en el bulevar &#8220;Manuel \u00c1vila Camacho&#8221; debido al golpeteo de las olas del mar, y asegur\u00f3 que los trabajos van muy avanzados y este 2024 se podr\u00eda concluir la licitaci\u00f3n y comenzar con la obra.<\/p>\n","protected":false},"excerpt":{"rendered":"<p>Alejandro \u00c1vila Veracruz, Ver.- El Capit\u00e1n de Altura, Manuel Fernando Guti\u00e9rrez Gallardo, coordinador general de Puertos y Marina Mercante, inform\u00f3 que la Secretar\u00eda de Marina y la Universidad Mar\u00edtima Mercante de la Ciudad de M\u00e9xico dieron el visto bueno para la compra de un buque escuela de pr\u00e1cticas, bajo una licitaci\u00f3n internacional. De esta manera, [&hellip;]<\/p>\n","protected":false},"author":2476,"featured_media":55850,"comment_status":"open","ping_status":"open","sticky":false,"template":"","format":"standard","meta":{"_jetpack_memberships_contains_paid_content":false,"footnotes":""},"categories":[2],"tags":[],"class_list":["post-55849","post","type-post","status-publish","format-standard","has-post-thumbnail","hentry","category-estado"],"jetpack_featured_media_url":"https:\/\/encuentroinformativo.com.mx\/wp-content\/uploads\/2024\/06\/Point-Blur_Jun202024_105459.jpg","jetpack_sharing_enabled":true,"jetpack_likes_enabled":true,"amp_enabled":true,"_links":{"self":[{"href":"https:\/\/encuentroinformativo.com.mx\/index.php?rest_route=\/wp\/v2\/posts\/55849","targetHints":{"allow":["GET"]}}],"collection":[{"href":"https:\/\/encuentroinformativo.com.mx\/index.php?rest_route=\/wp\/v2\/posts"}],"about":[{"href":"https:\/\/encuentroinformativo.com.mx\/index.php?rest_route=\/wp\/v2\/types\/post"}],"author":[{"embeddable":true,"href":"https:\/\/encuentroinformativo.com.mx\/index.php?rest_route=\/wp\/v2\/users\/2476"}],"replies":[{"embeddable":true,"href":"https:\/\/encuentroinformativo.com.mx\/index.php?rest_route=%2Fwp%2Fv2%2Fcomments&post=55849"}],"version-history":[{"count":1,"href":"https:\/\/encuentroinformativo.com.mx\/index.php?rest_route=\/wp\/v2\/posts\/55849\/revisions"}],"predecessor-version":[{"id":55851,"href":"https:\/\/encuentroinformativo.com.mx\/index.php?rest_route=\/wp\/v2\/posts\/55849\/revisions\/55851"}],"wp:featuredmedia":[{"embeddable":true,"href":"https:\/\/encuentroinformativo.com.mx\/index.php?rest_route=\/wp\/v2\/media\/55850"}],"wp:attachment":[{"href":"https:\/\/encuentroinformativo.com.mx\/index.php?rest_route=%2Fwp%2Fv2%2Fmedia&parent=55849"}],"wp:term":[{"taxonomy":"category","embeddable":true,"href":"https:\/\/encuentroinformativo.com.mx\/index.php?rest_route=%2Fwp%2Fv2%2Fcategories&post=55849"},{"taxonomy":"post_tag","embeddable":true,"href":"https:\/\/encuentroinformativo.com.mx\/index.php?rest_route=%2Fwp%2Fv2%2Ftags&post=55849"}],"curies":[{"name":"wp","href":"https:\/\/api.w.org\/{rel}","templated":true}]}}