{"id":5585,"date":"2020-09-05T14:28:24","date_gmt":"2020-09-05T19:28:24","guid":{"rendered":"https:\/\/encuentroinformativo.com\/?p=5585"},"modified":"2020-09-05T14:28:26","modified_gmt":"2020-09-05T19:28:26","slug":"ariadna-la-oficial-mayor","status":"publish","type":"post","link":"https:\/\/encuentroinformativo.com.mx\/?p=5585","title":{"rendered":"Ariadna, la Oficial Mayor"},"content":{"rendered":"\n<p><strong>N\u00fameros Rojos<\/strong><\/p>\n\n\n\n<p><strong>Brenda Caballero<\/strong><\/p>\n\n\n\n<p>No pudo evitar soltar el llanto al ver la televisi\u00f3n. All\u00ed estaba el Presidente de la Rep\u00fablica entregando medallas a los ni\u00f1os de Veracruz que hab\u00edan obtenido los primeros lugares de aprovechamiento. \u00bfPor qu\u00e9 no la llamaron, si el jefe de sector hab\u00eda visitado su escuela primaria Guadalupe Victoria de San Isidro, y les hab\u00eda dicho que los 30 ni\u00f1os que obtuvieron los primeros lugares iban a ver al Presidente? Ella esperaba ansiosa la llamada, pero no sucedi\u00f3 a pesar de que obtuvo el tercer lugar de aprovechamiento en el concurso a nivel estatal. Se decepcion\u00f3 del Gobierno y pens\u00f3: \u201csi llego a ser autoridad, voy a trabajar para que a ning\u00fan ni\u00f1o le pase eso\u201d.\u00a0<\/p>\n\n\n\n<p>Antes de ser la segunda mujer Oficial Mayor de la Secretar\u00eda de Educaci\u00f3n en Veracruz, Ariadna Selene Aguilar Amaya fue analista. \u201cVe\u00eda todas las injusticias que suced\u00edan dentro&nbsp; de la Secretar\u00eda\u2026 cuando sea oficial mayor, esto no va a ocurrir\u2026 Lo decret\u00e9, llegu\u00e9, y ahora me toca trabajar\u201d.<\/p>\n\n\n\n<p><br><strong>\u201cMi 10 era 7\u201d<\/strong><\/p>\n\n\n\n<p>Ariadna confiesa que le ha costado trabajo salir adelante. \u201cSer mujer ha sido una dificultad. Vengo de un pueblo, de una poblaci\u00f3n rural, como muchas de Veracruz o de nuestro pa\u00eds\u201d.&nbsp; Ella estudi\u00f3 en la telesecundaria Virgilio Uribe, de San Isidro en el municipio de Actopan, Veracruz. \u201cSal\u00ed con promedio de diez y me dec\u00edan que mi diez aqu\u00ed val\u00eda 7; por eso tuve que esperar a ver si alcanzaba ficha en la Oficial B, preparatoria a la que todos quer\u00edan ingresar en ese momento\u2026 afortunadamente pas\u00e9 el examen\u201d.&nbsp;<\/p>\n\n\n\n<p>Posteriormente estudi\u00f3 la licenciatura, obtuvo menci\u00f3n honor\u00edfica y testimonio de alto rendimiento acad\u00e9mico. Se titul\u00f3 con examen Ceneval. \u201cCon esas cartas llegu\u00e9 a trabajar a la Secretar\u00eda de Educaci\u00f3n\u201d.<\/p>\n\n\n\n<p><br><strong>\u201cSufr\u00ed acoso\u2026 tambi\u00e9n violencia laboral\u201d<\/strong><\/p>\n\n\n\n<p>Ariadna recuerda ser v\u00edctima de piropos callejeros hasta que decidi\u00f3 enfrentar a esos hombres que ya despu\u00e9s la saludaban con respeto.<\/p>\n\n\n\n<p>Tambi\u00e9n recuerda a un personaje de la SEV, de una administraci\u00f3n anterior, que en alg\u00fan momento le coment\u00f3 que si lo acompa\u00f1aba a una fiesta, \u00e9l la ayudaba. \u201cAl no acceder me estanqu\u00e9, pero me hace buscar otras oportunidades, seguir estudiando, buscar una beca para irme a un curso en el extranjero\u201d.<\/p>\n\n\n\n<p>\u201cRecuerdo que siempre quise ir a la banda de guerra, pero como era ni\u00f1a, me dec\u00edan que ten\u00eda que ser bastonera\u2026 Me gusta ir a las escuelas, veo a las ni\u00f1as m\u00e1s libres, tocando el tambor y hacer cosas que hubiera querido hacer\u2026 La piel se me pone chinita al ver a las ni\u00f1as tocando en un desfile&#8230; cada vez las mujeres tenemos las mismas oportunidades\u201d.<\/p>\n\n\n\n<p><strong>\u201cNo te limites\u201d<\/strong><\/p>\n\n\n\n<p>\u201cAgradezco la oportunidad que me da el gobernador Cuitl\u00e1huac Garc\u00eda Jim\u00e9nez de participar en una Secretar\u00eda que conozco bien, pues ya hab\u00eda trabajado muchos a\u00f1os como analista, desde el 2005, as\u00ed como docente en el Cetis de Banderilla. Esta oportunidad me permite conocer las entra\u00f1as de la Secretar\u00eda as\u00ed como a mucha gente\u201d.<\/p>\n\n\n\n<p>Confiesa que fue dif\u00edcil aceptar el cargo de Oficial Mayor, por la gran responsabilidad que representaba, pero sus padres le dieron todo el apoyo y hasta le echaron porras: \u201cT\u00fa puedes, t\u00fa conoces\u2026 no te limites\u201d.<\/p>\n\n\n\n<p>Como Oficial confiesa estar haciendo muchos cambios. Han conformado un equipo de hombres y mujeres con igualdad de oportunidades para regresar a la sociedad un poquito de lo que considera le ha sido otorgado. Se siente orgullosa del gran equipo de la Secretar\u00eda de Educaci\u00f3n, \u201cmuy agradecida con la oportunidad de servir a los dem\u00e1s, ya que muy pocos la tienen\u201d.<br><\/p>\n\n\n\n<p><strong>\u201cEsperan que por ser mujer, seas d\u00e9bil\u201d<\/strong><\/p>\n\n\n\n<p>Ariadna se\u00f1ala que a pesar de que el Secretario Zenyazen Escobar Garc\u00eda y el Gobernador Cuitl\u00e1huac Garc\u00eda Jim\u00e9nez son hombres que promueven la equidad de g\u00e9nero, actualmente en algunas reuniones, aunque a ella le den la palabra, todos se dirigen de manera autom\u00e1tica hacia ellos.&nbsp; \u201cEntras a una reuni\u00f3n donde hay hombres y&nbsp; mujeres, y aunque t\u00fa seas la titular, voltean a ver al var\u00f3n, no se dirigen ni siquiera a ti, esto se da mucho entre los sindicatos, entre los maestros\u201d. Entonces comenta que ella tiene que sacar el car\u00e1cter, mostrar mayor fortaleza, para que \u201cle hagan caso\u201d porque esperan \u201cque por ser mujer, seas d\u00e9bil\u201d.<\/p>\n\n\n\n<p>Para ella esto es una manifestaci\u00f3n generacional, no es misoginia, \u201ces algo cultural, que poco a poco se debe ir cambiando\u201d. Se considera parte de las mujeres que van abriendo la brecha de g\u00e9nero y crear conciencia, ser punta de lanza, para que las cosas cambien.<\/p>\n\n\n\n<p>Piensa que no debe haber diferencias entre mujeres y hombres, \u201cnos debemos ver como personas\u201d.<br><\/p>\n\n\n\n<p><strong>\u201cEstoy en contra de las cuotas de g\u00e9nero\u201d&nbsp;<\/strong><\/p>\n\n\n\n<p>A pesar de que considera que la cuota actualmente es necesaria porque sin ella no volteaban a ver a las mujeres y que sin ella no hubiese llegado a su cargo actual, cree que la designaci\u00f3n de puestos debe ser por talento, por capacidad. Para ella es importante que la hayan elegido por su capacidad.&nbsp;<\/p>\n\n\n\n<p>Reconoce el trabajo de todas las mujeres en el Gabinete estatal, pero destaca a Lupita Osorno en Protecci\u00f3n Civil, y recuerda cuando se estaba incendiando la gasera que est\u00e1 cerca de la SEV; ella le habl\u00f3 a las 3 de la ma\u00f1ana, y a esa hora Lupita le contest\u00f3. Trabajan las 24 horas. Ella est\u00e1 pendiente cuando le pasa algo a un maestro, pues no importa la hora, \u201clos maestros son muy solidarios\u201d, me dice.&nbsp;<br><\/p>\n\n\n\n<p><strong>\u201cEducaci\u00f3n para cambiar\u201d<\/strong><\/p>\n\n\n\n<p>Ariadna dice que si no hubiera estudiado, no ser\u00eda Oficial Mayor, no hubiera tenido la oportunidad. Actualmente desarrolla su tesis doctoral en la Universidad An\u00e1huac en coordinaci\u00f3n con la Universidad de Harvard sobre&nbsp; la discriminaci\u00f3n que sufren las mujeres en un puesto; con ello trata de medir a trav\u00e9s de un instrumento, c\u00f3mo de manera inconsciente se discrimina a una jefa mujer a diferencia de un var\u00f3n.&nbsp;<br><\/p>\n\n\n\n<p>@NumerosRojos_BC<\/p>\n\n\n\n<p><a href=\"mailto:caballero_brenda@hotmail.com\" target=\"_blank\" rel=\"noreferrer noopener\">caballero_brenda@hotmail.com<\/a><\/p>\n\n\n\n<p><\/p>\n","protected":false},"excerpt":{"rendered":"<p>N\u00fameros Rojos Brenda Caballero No pudo evitar soltar el llanto al ver la televisi\u00f3n. All\u00ed estaba el Presidente de la Rep\u00fablica entregando medallas a los ni\u00f1os de Veracruz que hab\u00edan obtenido los primeros lugares de aprovechamiento. \u00bfPor qu\u00e9 no la llamaron, si el jefe de sector hab\u00eda visitado su escuela primaria Guadalupe Victoria de San [&hellip;]<\/p>\n","protected":false},"author":1,"featured_media":387,"comment_status":"open","ping_status":"open","sticky":false,"template":"","format":"standard","meta":{"_jetpack_memberships_contains_paid_content":false,"footnotes":""},"categories":[11],"tags":[],"class_list":["post-5585","post","type-post","status-publish","format-standard","has-post-thumbnail","hentry","category-opinion"],"jetpack_featured_media_url":"https:\/\/encuentroinformativo.com.mx\/wp-content\/uploads\/2020\/03\/7CF8A22B-2764-47BE-8F7F-38FE9E5D6A2F.jpeg","jetpack_sharing_enabled":true,"jetpack_likes_enabled":true,"amp_enabled":true,"_links":{"self":[{"href":"https:\/\/encuentroinformativo.com.mx\/index.php?rest_route=\/wp\/v2\/posts\/5585","targetHints":{"allow":["GET"]}}],"collection":[{"href":"https:\/\/encuentroinformativo.com.mx\/index.php?rest_route=\/wp\/v2\/posts"}],"about":[{"href":"https:\/\/encuentroinformativo.com.mx\/index.php?rest_route=\/wp\/v2\/types\/post"}],"author":[{"embeddable":true,"href":"https:\/\/encuentroinformativo.com.mx\/index.php?rest_route=\/wp\/v2\/users\/1"}],"replies":[{"embeddable":true,"href":"https:\/\/encuentroinformativo.com.mx\/index.php?rest_route=%2Fwp%2Fv2%2Fcomments&post=5585"}],"version-history":[{"count":1,"href":"https:\/\/encuentroinformativo.com.mx\/index.php?rest_route=\/wp\/v2\/posts\/5585\/revisions"}],"predecessor-version":[{"id":5586,"href":"https:\/\/encuentroinformativo.com.mx\/index.php?rest_route=\/wp\/v2\/posts\/5585\/revisions\/5586"}],"wp:featuredmedia":[{"embeddable":true,"href":"https:\/\/encuentroinformativo.com.mx\/index.php?rest_route=\/wp\/v2\/media\/387"}],"wp:attachment":[{"href":"https:\/\/encuentroinformativo.com.mx\/index.php?rest_route=%2Fwp%2Fv2%2Fmedia&parent=5585"}],"wp:term":[{"taxonomy":"category","embeddable":true,"href":"https:\/\/encuentroinformativo.com.mx\/index.php?rest_route=%2Fwp%2Fv2%2Fcategories&post=5585"},{"taxonomy":"post_tag","embeddable":true,"href":"https:\/\/encuentroinformativo.com.mx\/index.php?rest_route=%2Fwp%2Fv2%2Ftags&post=5585"}],"curies":[{"name":"wp","href":"https:\/\/api.w.org\/{rel}","templated":true}]}}