{"id":55852,"date":"2024-06-20T10:59:55","date_gmt":"2024-06-20T16:59:55","guid":{"rendered":"https:\/\/encuentroinformativo.com.mx\/?p=55852"},"modified":"2024-06-20T11:00:02","modified_gmt":"2024-06-20T17:00:02","slug":"bloquean-bulevar-de-boca-del-rio-por-lesionados-en-volcadura","status":"publish","type":"post","link":"https:\/\/encuentroinformativo.com.mx\/?p=55852","title":{"rendered":"Bloquean bulevar de Boca del R\u00edo por lesionados en volcadura"},"content":{"rendered":"\n<p><strong>Alejandro \u00c1vila<\/strong><\/p>\n\n\n\n<p>Boca del R\u00edo, Ver.- La ma\u00f1ana de este jueves, familiares de las dos personas lesionadas el pasado lunes tras la volcadura de un autob\u00fas urbano de la l\u00ednea Saeta, se manifestaron y bloquearon el bulevar &#8220;Miguel Alem\u00e1n&#8221; del municipio de Boca del R\u00edo.<\/p>\n\n\n\n<p>Los quejosos se colocaron en la mencionada arteria vial a la altura de la calle Espa\u00f1a, donde ocasionaron un severo cabos vehicular; ah\u00ed detuvieron varias unidades de la l\u00ednea Saeta, la cual recorren los municipios de Alvarado, Boca del R\u00edo, Veracruz y Medell\u00edn de Bravo.<\/p>\n\n\n\n<p>Los familiares solicitan que la concesionaria se haga cargo de los gastos m\u00e9dicos de los dos lesionados, pues a pesar de que el conductor se encuentra preso en estos momentos, las dos personas que salieron afectadas por la volcadura del autob\u00fas se encuentran hospitalizadas y los gastos han ido incrementando sin que puedan solventar econ\u00f3micamente la situaci\u00f3n.<\/p>\n\n\n\n<p>De la misma manera, acusaron que los representantes de la concesionaria de la l\u00ednea Saeta \u00fanicamente les dieron mil pesos a los afectados y se fueron, y no han procurado hacerse cargo de los gastos m\u00e9dicos que hasta el momento han ido surgiendo.<\/p>\n","protected":false},"excerpt":{"rendered":"<p>Alejandro \u00c1vila Boca del R\u00edo, Ver.- La ma\u00f1ana de este jueves, familiares de las dos personas lesionadas el pasado lunes tras la volcadura de un autob\u00fas urbano de la l\u00ednea Saeta, se manifestaron y bloquearon el bulevar &#8220;Miguel Alem\u00e1n&#8221; del municipio de Boca del R\u00edo. Los quejosos se colocaron en la mencionada arteria vial a [&hellip;]<\/p>\n","protected":false},"author":2476,"featured_media":55853,"comment_status":"open","ping_status":"open","sticky":false,"template":"","format":"standard","meta":{"_jetpack_memberships_contains_paid_content":false,"footnotes":""},"categories":[2],"tags":[],"class_list":["post-55852","post","type-post","status-publish","format-standard","has-post-thumbnail","hentry","category-estado"],"jetpack_featured_media_url":"https:\/\/encuentroinformativo.com.mx\/wp-content\/uploads\/2024\/06\/IMG-20240620-WA0050.jpg","jetpack_sharing_enabled":true,"jetpack_likes_enabled":true,"amp_enabled":true,"_links":{"self":[{"href":"https:\/\/encuentroinformativo.com.mx\/index.php?rest_route=\/wp\/v2\/posts\/55852","targetHints":{"allow":["GET"]}}],"collection":[{"href":"https:\/\/encuentroinformativo.com.mx\/index.php?rest_route=\/wp\/v2\/posts"}],"about":[{"href":"https:\/\/encuentroinformativo.com.mx\/index.php?rest_route=\/wp\/v2\/types\/post"}],"author":[{"embeddable":true,"href":"https:\/\/encuentroinformativo.com.mx\/index.php?rest_route=\/wp\/v2\/users\/2476"}],"replies":[{"embeddable":true,"href":"https:\/\/encuentroinformativo.com.mx\/index.php?rest_route=%2Fwp%2Fv2%2Fcomments&post=55852"}],"version-history":[{"count":1,"href":"https:\/\/encuentroinformativo.com.mx\/index.php?rest_route=\/wp\/v2\/posts\/55852\/revisions"}],"predecessor-version":[{"id":55854,"href":"https:\/\/encuentroinformativo.com.mx\/index.php?rest_route=\/wp\/v2\/posts\/55852\/revisions\/55854"}],"wp:featuredmedia":[{"embeddable":true,"href":"https:\/\/encuentroinformativo.com.mx\/index.php?rest_route=\/wp\/v2\/media\/55853"}],"wp:attachment":[{"href":"https:\/\/encuentroinformativo.com.mx\/index.php?rest_route=%2Fwp%2Fv2%2Fmedia&parent=55852"}],"wp:term":[{"taxonomy":"category","embeddable":true,"href":"https:\/\/encuentroinformativo.com.mx\/index.php?rest_route=%2Fwp%2Fv2%2Fcategories&post=55852"},{"taxonomy":"post_tag","embeddable":true,"href":"https:\/\/encuentroinformativo.com.mx\/index.php?rest_route=%2Fwp%2Fv2%2Ftags&post=55852"}],"curies":[{"name":"wp","href":"https:\/\/api.w.org\/{rel}","templated":true}]}}