{"id":55875,"date":"2024-06-20T14:06:26","date_gmt":"2024-06-20T20:06:26","guid":{"rendered":"https:\/\/encuentroinformativo.com.mx\/?p=55875"},"modified":"2024-06-20T14:06:30","modified_gmt":"2024-06-20T20:06:30","slug":"principal-compromiso-con-ninos-y-jovenes-claudia-tello","status":"publish","type":"post","link":"https:\/\/encuentroinformativo.com.mx\/?p=55875","title":{"rendered":"Principal compromiso con ni\u00f1os y j\u00f3venes: Claudia Tello"},"content":{"rendered":"\n<p><strong>Dar\u00edo Pale <\/strong><\/p>\n\n\n\n<p>Xalapa, Ver.- El estar al frente de la dependencia ser\u00e1 un gran compromiso con el pueblo, pero especialmente con los ni\u00f1os y j\u00f3venes, as\u00ed lo dio a conocer la reci\u00e9n nombrada titular de la Secretar\u00eda de Educaci\u00f3n (SEV), Claudia Tello Espinosa.<\/p>\n\n\n\n<p>En entrevista, dijo que adem\u00e1s tiene buena relaci\u00f3n con los maestros en una lucha de muchos a\u00f1os por mejoras salariales y que con el gobierno de Manuel L\u00f3pez Obrador se han logrado buenos aumentos, lo cual continuar\u00e1.<\/p>\n\n\n\n<p>&#8220;Con los maestros tenemos una lucha de muchos a\u00f1os por mejoras salariales. Nunca hab\u00edamos tenido un aumento como los que tuvimos ahora con Andr\u00e9s Manuel L\u00f3pez Obrador. Se va a seguir manteniendo el bienestar de todos y todas las maestras&#8221;, coment\u00f3.<\/p>\n\n\n\n<p>Dijo que a\u00fan desconoce en qu\u00e9 momento tomar\u00eda la titularidad de la SEV, sin embargo asegur\u00f3 que dejar\u00e1 todo en orden, al mismo tiempo que asever\u00f3 que los funcionarios de Morena no van ni por poder ni por dinero.<\/p>\n\n\n\n<p>Durante su mensaje en una reuni\u00f3n con el Consejo Gastron\u00f3mico Veracruzano, reiter\u00f3 su compromiso con todos los sectores y destac\u00f3 que en esta ocasi\u00f3n gobernar\u00e1n mujeres y eso har\u00e1 las administraciones diferentes.<\/p>\n\n\n\n<p>\u201cTenemos un compromiso que se va a hacer m\u00e1s grande porque vamos a gobernar mujeres, no quiere decir que ser\u00e1 mejor o peor, vamos a gobernar diferente, traemos otra sensibilidad y despu\u00e9s de 200 a\u00f1os de nuestra Rep\u00fablica era justo demostrar lo que podemos hacer\u201d, se\u00f1al\u00f3.<\/p>\n\n\n\n<p>Asimismo, se comprometi\u00f3 con el sector gastron\u00f3mico, \u201cvamos a estar de la mano de la gente, se va a poner de moda a Veracruz, y ah\u00ed se incorpora la gastronom\u00eda, la educaci\u00f3n, turismo, y no solo a nivel nacional sino internacional y se va a cumplir\u201d.<\/p>\n\n\n\n<p>Dentro de su plan de trabajo, adelant\u00f3 que \u00a0se buscar\u00e1 \u00a0becas desde nivel preescolar, a fin de evitar la deserci\u00f3n y cada vez m\u00e1s ni\u00f1os y j\u00f3venes logren concluir sus estudios.<\/p>\n\n\n\n<p>Record\u00f3 que desde hace mucho a\u00f1os no se hab\u00eda tenido un aumento salarial como se tuvo con el presidente Andr\u00e9s Manuel L\u00f3pez Obrador, por lo que continuar\u00e1 trabajando por el bienestar del magisterio veracruzano.<\/p>\n\n\n\n<p>Claudia Tello tomar\u00e1 protesta en el mes de septiembre como Senadora de la Rep\u00fablica y solicitar\u00e1 licencia en noviembre, \u00a0para posteriormente tomar protesta junto con la gobernadora electa Roc\u00edo Nahle dentro de su gabinete el pr\u00f3ximo 1 de diciembre, por lo que su lugar en la senadur\u00eda quedar\u00e1 a cargo de su suplente Raquel Bonilla Herrera.<\/p>\n","protected":false},"excerpt":{"rendered":"<p>Dar\u00edo Pale Xalapa, Ver.- El estar al frente de la dependencia ser\u00e1 un gran compromiso con el pueblo, pero especialmente con los ni\u00f1os y j\u00f3venes, as\u00ed lo dio a conocer la reci\u00e9n nombrada titular de la Secretar\u00eda de Educaci\u00f3n (SEV), Claudia Tello Espinosa. En entrevista, dijo que adem\u00e1s tiene buena relaci\u00f3n con los maestros en [&hellip;]<\/p>\n","protected":false},"author":2476,"featured_media":55876,"comment_status":"open","ping_status":"open","sticky":false,"template":"","format":"standard","meta":{"_jetpack_memberships_contains_paid_content":false,"footnotes":""},"categories":[2],"tags":[],"class_list":["post-55875","post","type-post","status-publish","format-standard","has-post-thumbnail","hentry","category-estado"],"jetpack_featured_media_url":"https:\/\/encuentroinformativo.com.mx\/wp-content\/uploads\/2024\/06\/IMG-20240620-WA0099.jpg","jetpack_sharing_enabled":true,"jetpack_likes_enabled":true,"amp_enabled":true,"_links":{"self":[{"href":"https:\/\/encuentroinformativo.com.mx\/index.php?rest_route=\/wp\/v2\/posts\/55875","targetHints":{"allow":["GET"]}}],"collection":[{"href":"https:\/\/encuentroinformativo.com.mx\/index.php?rest_route=\/wp\/v2\/posts"}],"about":[{"href":"https:\/\/encuentroinformativo.com.mx\/index.php?rest_route=\/wp\/v2\/types\/post"}],"author":[{"embeddable":true,"href":"https:\/\/encuentroinformativo.com.mx\/index.php?rest_route=\/wp\/v2\/users\/2476"}],"replies":[{"embeddable":true,"href":"https:\/\/encuentroinformativo.com.mx\/index.php?rest_route=%2Fwp%2Fv2%2Fcomments&post=55875"}],"version-history":[{"count":1,"href":"https:\/\/encuentroinformativo.com.mx\/index.php?rest_route=\/wp\/v2\/posts\/55875\/revisions"}],"predecessor-version":[{"id":55877,"href":"https:\/\/encuentroinformativo.com.mx\/index.php?rest_route=\/wp\/v2\/posts\/55875\/revisions\/55877"}],"wp:featuredmedia":[{"embeddable":true,"href":"https:\/\/encuentroinformativo.com.mx\/index.php?rest_route=\/wp\/v2\/media\/55876"}],"wp:attachment":[{"href":"https:\/\/encuentroinformativo.com.mx\/index.php?rest_route=%2Fwp%2Fv2%2Fmedia&parent=55875"}],"wp:term":[{"taxonomy":"category","embeddable":true,"href":"https:\/\/encuentroinformativo.com.mx\/index.php?rest_route=%2Fwp%2Fv2%2Fcategories&post=55875"},{"taxonomy":"post_tag","embeddable":true,"href":"https:\/\/encuentroinformativo.com.mx\/index.php?rest_route=%2Fwp%2Fv2%2Ftags&post=55875"}],"curies":[{"name":"wp","href":"https:\/\/api.w.org\/{rel}","templated":true}]}}