{"id":55897,"date":"2024-06-21T11:55:32","date_gmt":"2024-06-21T17:55:32","guid":{"rendered":"https:\/\/encuentroinformativo.com.mx\/?p=55897"},"modified":"2024-06-21T11:55:38","modified_gmt":"2024-06-21T17:55:38","slug":"aumentan-afectaciones-por-lluvias-en-xalapa","status":"publish","type":"post","link":"https:\/\/encuentroinformativo.com.mx\/?p=55897","title":{"rendered":"Aumentan afectaciones por lluvias en Xalapa"},"content":{"rendered":"\n<p><strong>Juan Arcos <\/strong><\/p>\n\n\n\n<p>Xalapa, Ver.- En la ciudad de Xalapa, la capital de Veracruz, se reportaron afectaciones por segundo d\u00eda consecutivo tras las lluvias que ocasionaron los remanentes de la tormenta \u201cAlberto\u201d, que se degrad\u00f3 a depresi\u00f3n tropical.<\/p>\n\n\n\n<p>De acuerdo con el director de Protecci\u00f3n Civil, Luis Sardi\u00f1a Salgado, colaps\u00f3 una parte de la barda perimetral del pante\u00f3n Palo Verde, ubicado en la esquina de las avenidas 20 de Noviembre y L\u00e1zaro C\u00e1rdenas.<\/p>\n\n\n\n<p>La zona fue acordonada para evitar un riesgo para la poblaci\u00f3n. Despu\u00e9s arrib\u00f3 la maquinaria para el retiro de los escombros y as\u00ed liberar los espacios peatonales.<\/p>\n\n\n\n<p>El funcionario municipal detall\u00f3 que tambi\u00e9n se atendi\u00f3 la ca\u00edda de tres \u00e1rboles, dos deslizamientos de tierra y algunos incidentes con cableado el\u00e9ctrico.<\/p>\n\n\n\n<p>A los reportes ciudadanos se dio seguimiento con apoyo del personal de las direcciones de Medio Ambiente, Alumbrado, Obras P\u00fablicas y la Comisi\u00f3n Federal de Electricidad (CFE).<\/p>\n\n\n\n<p>Cabe recordar que el jueves se reportaron afectaciones en al menos 16 colonias de la ciudad de Xalapa por el paso de la tormenta tropical \u201cAlberto\u201d, sobre todo la ca\u00edda de \u00e1rboles, derrumbes, da\u00f1os al cableado el\u00e9ctrico y hasta el colapso de un muro de contenci\u00f3n en la unidad habitacional Xalapa 2000.<\/p>\n\n\n\n<p>Luis Sardi\u00f1a pidi\u00f3 a la poblaci\u00f3n que se mantenga atenta, ya que en las pr\u00f3ximas horas podr\u00edan seguir present\u00e1ndose precipitaciones pluviales, desde ligeras y moderadas hasta intensas.<\/p>\n\n\n\n<p>Tambi\u00e9n coment\u00f3 que, por instrucciones de presidente municipal Ricardo Ahued Bardahuil ,se invertir\u00e1n los recursos necesarios para atender todas las emergencias que se presenten.<\/p>\n","protected":false},"excerpt":{"rendered":"<p>Juan Arcos Xalapa, Ver.- En la ciudad de Xalapa, la capital de Veracruz, se reportaron afectaciones por segundo d\u00eda consecutivo tras las lluvias que ocasionaron los remanentes de la tormenta \u201cAlberto\u201d, que se degrad\u00f3 a depresi\u00f3n tropical. De acuerdo con el director de Protecci\u00f3n Civil, Luis Sardi\u00f1a Salgado, colaps\u00f3 una parte de la barda perimetral [&hellip;]<\/p>\n","protected":false},"author":2476,"featured_media":55899,"comment_status":"open","ping_status":"open","sticky":false,"template":"","format":"standard","meta":{"_jetpack_memberships_contains_paid_content":false,"footnotes":""},"categories":[3],"tags":[],"class_list":["post-55897","post","type-post","status-publish","format-standard","has-post-thumbnail","hentry","category-xalapa"],"jetpack_featured_media_url":"https:\/\/encuentroinformativo.com.mx\/wp-content\/uploads\/2024\/06\/43d4cca8-f292-4519-b87c-ac73ffd632ff.jpg","jetpack_sharing_enabled":true,"jetpack_likes_enabled":true,"amp_enabled":true,"_links":{"self":[{"href":"https:\/\/encuentroinformativo.com.mx\/index.php?rest_route=\/wp\/v2\/posts\/55897","targetHints":{"allow":["GET"]}}],"collection":[{"href":"https:\/\/encuentroinformativo.com.mx\/index.php?rest_route=\/wp\/v2\/posts"}],"about":[{"href":"https:\/\/encuentroinformativo.com.mx\/index.php?rest_route=\/wp\/v2\/types\/post"}],"author":[{"embeddable":true,"href":"https:\/\/encuentroinformativo.com.mx\/index.php?rest_route=\/wp\/v2\/users\/2476"}],"replies":[{"embeddable":true,"href":"https:\/\/encuentroinformativo.com.mx\/index.php?rest_route=%2Fwp%2Fv2%2Fcomments&post=55897"}],"version-history":[{"count":1,"href":"https:\/\/encuentroinformativo.com.mx\/index.php?rest_route=\/wp\/v2\/posts\/55897\/revisions"}],"predecessor-version":[{"id":55900,"href":"https:\/\/encuentroinformativo.com.mx\/index.php?rest_route=\/wp\/v2\/posts\/55897\/revisions\/55900"}],"wp:featuredmedia":[{"embeddable":true,"href":"https:\/\/encuentroinformativo.com.mx\/index.php?rest_route=\/wp\/v2\/media\/55899"}],"wp:attachment":[{"href":"https:\/\/encuentroinformativo.com.mx\/index.php?rest_route=%2Fwp%2Fv2%2Fmedia&parent=55897"}],"wp:term":[{"taxonomy":"category","embeddable":true,"href":"https:\/\/encuentroinformativo.com.mx\/index.php?rest_route=%2Fwp%2Fv2%2Fcategories&post=55897"},{"taxonomy":"post_tag","embeddable":true,"href":"https:\/\/encuentroinformativo.com.mx\/index.php?rest_route=%2Fwp%2Fv2%2Ftags&post=55897"}],"curies":[{"name":"wp","href":"https:\/\/api.w.org\/{rel}","templated":true}]}}