{"id":55903,"date":"2024-06-21T14:36:48","date_gmt":"2024-06-21T20:36:48","guid":{"rendered":"https:\/\/encuentroinformativo.com.mx\/?p=55903"},"modified":"2024-06-21T14:36:54","modified_gmt":"2024-06-21T20:36:54","slug":"yunes-marquez-enfrenta-problemas-de-salud-abogado","status":"publish","type":"post","link":"https:\/\/encuentroinformativo.com.mx\/?p=55903","title":{"rendered":"Yunes M\u00e1rquez enfrenta problemas de salud: Abogado"},"content":{"rendered":"\n<p><strong>Dar\u00edo Pale <\/strong><\/p>\n\n\n\n<p>Xalapa, Ver.- Miguel \u00c1ngel Yunes M\u00e1rquez no se esconde, justifica lesi\u00f3n en espalda que requerir\u00eda cirug\u00eda, problema en nervio de la espalda amerita seis semanas de reposo, as\u00ed lo dio a conocer el abogado del senador electo, Jos\u00e9 Antonio Kuri.<\/p>\n\n\n\n<p>En entrevista al concluir la audiencia de imputaci\u00f3n por el presunto delito de falsificaci\u00f3n de documentos, afirm\u00f3 que su representado nunca ha estado escondido, s\u00f3lo presenta problemas de movilidad, por ello es que no se ha presentando a audiencia en los juzgados de Pacho Viejo.<\/p>\n\n\n\n<p>En ese sentido, rechaz\u00f3 que est\u00e9n buscando alg\u00fan amparo para impedir que sea detenido, &#8220;Para nada. Hasta este momento no hay nada de eso&#8221;.<\/p>\n\n\n\n<p>El representante legal defini\u00f3 que en este momento el senador electo tiene a salvo sus derechos pol\u00edtico-electorales, por lo que no estar\u00eda impedido para rendir protesta.<\/p>\n\n\n\n<p>Expuso que durante la audiencia de este d\u00eda, la Fiscal\u00eda acord\u00f3 un plazo de cinco d\u00edas h\u00e1biles para verificar los dos domicilios que se proporcionaron como residencia del senador electo para citarlo y, una vez que se corrobore la misma, se fijar\u00e1 una nueva fecha de audiencia.<br>Indic\u00f3 que se presentaron los certificados m\u00e9dicos por un problema de movilidad en la espalda, que amerita por lo menos seis semanas de reposo, incluso adelant\u00f3 que podr\u00eda ser sometido a una cirug\u00eda por un problema en un nervio de la espalda.<\/p>\n\n\n\n<p>&#8220;El problema de la lesi\u00f3n del se\u00f1or Miguel \u00c1ngel es un poquito grave, \u00e9l tiene que tener un reposo de al menos seis semanas&#8221;, se\u00f1al\u00f3.<\/p>\n\n\n\n<p>&#8220;En su momento podr\u00eda ingresar a una cirug\u00eda, el problema es su movilidad y lo viene acarreando de a\u00f1os para ac\u00e1, es un problema en la espalda&#8221;, agreg\u00f3.<\/p>\n\n\n\n<p>En ese sentido, el Abogado indic\u00f3 que su inasistencia se justific\u00f3 como un derecho constitucional a la salud, afirm\u00f3 que este problema de salud tiene por lo menos dos a\u00f1os, pero ha ido empeorando.<\/p>\n\n\n\n<p>&#8220;Ya tiene un problema con anterioridad, \u00e9l tiene un problema de salud, de a\u00f1os para ac\u00e1 y ha venido empeorando. Se ha sometido a varios estudios y su tema es de movilidad&#8221;, acus\u00f3.<\/p>\n\n\n\n<p>Puntualiz\u00f3 que la Fiscal\u00eda corroborar\u00e1 los certificados m\u00e9dicos y luego notificar y girar fecha de audiencia.Defini\u00f3 que durante la audiencia, en com\u00fan acuerdo por todas las partes, el Juzgado acept\u00f3 las constancias medicas para notificar al senador electo, luego, insisti\u00f3, se fijar\u00e1 una nueva fecha de audiencia.<\/p>\n\n\n\n<p>&#8220;No soy m\u00e9dico, pero por el tema del certificado m\u00e9dico que se est\u00e1 presentando y por el tema de movilidad, que es un nervio en la espalda, ser\u00eda cuesti\u00f3n de ver la valoraci\u00f3n que en su momento dado se vaya haciendo&#8221;, explic\u00f3.<\/p>\n\n\n\n<p>Dijo que hasta este momento no han solicitado que la audiencia sea de manera virtual.<\/p>\n\n\n\n<p>Detall\u00f3 que el certificado m\u00e9dico que se present\u00f3 a la FGE fue la Beneficencia Espa\u00f1ola, instituci\u00f3n honorable y seria, pero tambi\u00e9n se presentaron radiograf\u00edas, entre otros.<\/p>\n\n\n\n<p>El Abogado subray\u00f3 que todas las partes estuvieron de acuerdo en que la FGE podr\u00e1 corroborar los certificados m\u00e9dicos de salud de Yunes M\u00e1rquez, adem\u00e1s de corroborar los domicilios.<\/p>\n\n\n\n<p>Finalmente aclar\u00f3 que Yunes M\u00e1rquez nunca se ha opuesto a nada, por lo que no se negar\u00e1 a que la Fiscal\u00eda corrobore las lesiones que dice tener.<\/p>\n","protected":false},"excerpt":{"rendered":"<p>Dar\u00edo Pale Xalapa, Ver.- Miguel \u00c1ngel Yunes M\u00e1rquez no se esconde, justifica lesi\u00f3n en espalda que requerir\u00eda cirug\u00eda, problema en nervio de la espalda amerita seis semanas de reposo, as\u00ed lo dio a conocer el abogado del senador electo, Jos\u00e9 Antonio Kuri. En entrevista al concluir la audiencia de imputaci\u00f3n por el presunto delito de [&hellip;]<\/p>\n","protected":false},"author":2476,"featured_media":55904,"comment_status":"open","ping_status":"open","sticky":false,"template":"","format":"standard","meta":{"_jetpack_memberships_contains_paid_content":false,"footnotes":""},"categories":[2],"tags":[],"class_list":["post-55903","post","type-post","status-publish","format-standard","has-post-thumbnail","hentry","category-estado"],"jetpack_featured_media_url":"https:\/\/encuentroinformativo.com.mx\/wp-content\/uploads\/2024\/06\/IMG-20240621-WA0037.jpg","jetpack_sharing_enabled":true,"jetpack_likes_enabled":true,"amp_enabled":true,"_links":{"self":[{"href":"https:\/\/encuentroinformativo.com.mx\/index.php?rest_route=\/wp\/v2\/posts\/55903","targetHints":{"allow":["GET"]}}],"collection":[{"href":"https:\/\/encuentroinformativo.com.mx\/index.php?rest_route=\/wp\/v2\/posts"}],"about":[{"href":"https:\/\/encuentroinformativo.com.mx\/index.php?rest_route=\/wp\/v2\/types\/post"}],"author":[{"embeddable":true,"href":"https:\/\/encuentroinformativo.com.mx\/index.php?rest_route=\/wp\/v2\/users\/2476"}],"replies":[{"embeddable":true,"href":"https:\/\/encuentroinformativo.com.mx\/index.php?rest_route=%2Fwp%2Fv2%2Fcomments&post=55903"}],"version-history":[{"count":1,"href":"https:\/\/encuentroinformativo.com.mx\/index.php?rest_route=\/wp\/v2\/posts\/55903\/revisions"}],"predecessor-version":[{"id":55905,"href":"https:\/\/encuentroinformativo.com.mx\/index.php?rest_route=\/wp\/v2\/posts\/55903\/revisions\/55905"}],"wp:featuredmedia":[{"embeddable":true,"href":"https:\/\/encuentroinformativo.com.mx\/index.php?rest_route=\/wp\/v2\/media\/55904"}],"wp:attachment":[{"href":"https:\/\/encuentroinformativo.com.mx\/index.php?rest_route=%2Fwp%2Fv2%2Fmedia&parent=55903"}],"wp:term":[{"taxonomy":"category","embeddable":true,"href":"https:\/\/encuentroinformativo.com.mx\/index.php?rest_route=%2Fwp%2Fv2%2Fcategories&post=55903"},{"taxonomy":"post_tag","embeddable":true,"href":"https:\/\/encuentroinformativo.com.mx\/index.php?rest_route=%2Fwp%2Fv2%2Ftags&post=55903"}],"curies":[{"name":"wp","href":"https:\/\/api.w.org\/{rel}","templated":true}]}}