{"id":55912,"date":"2024-06-21T15:20:14","date_gmt":"2024-06-21T21:20:14","guid":{"rendered":"https:\/\/encuentroinformativo.com.mx\/?p=55912"},"modified":"2024-06-21T15:20:19","modified_gmt":"2024-06-21T21:20:19","slug":"en-casos-de-san-andres-y-totalco-habra-justicia-promete-gobernador","status":"publish","type":"post","link":"https:\/\/encuentroinformativo.com.mx\/?p=55912","title":{"rendered":"En casos de San Andr\u00e9s y Totalco; habr\u00e1 justicia, promete Gobernador"},"content":{"rendered":"\n<p><strong>Dar\u00edo Pale <\/strong><\/p>\n\n\n\n<p>Xalapa, Ver.- El gobernador Cuitl\u00e1huac Garc\u00eda Jim\u00e9nez, advirti\u00f3 desde la mesa de seguridad que se realiz\u00f3 desde Coatzacoalcos, que en los casos de violencia en San Andr\u00e9s Tuxtla y Totalco se har\u00e1 justicia.<\/p>\n\n\n\n<p>A trav\u00e9s de sus redes sociales, poste\u00f3 un breve mensaje: &#8220;En Coatzacoalcos trabajamos en la Coordinaci\u00f3n Estatal para la Construcci\u00f3n de la Paz. En todos los eventos reportados durante esta semana se har\u00e1 justicia y se les dar\u00e1 seguimiento&#8221;.<\/p>\n\n\n\n<p>El fiscal regional zona centro Xalapa, Jaime Cisneros G\u00f3mez, expuso v\u00eda remota los avances en las investigaciones por los hechos sucedidos en la localidad Totalco, del municipio de Perote, en el que perdieran la vida dos personas y cuya investigaci\u00f3n ya se encuentra en desarrollo.<\/p>\n\n\n\n<p>Cabe se\u00f1alar que el d\u00eda de hoy volvieron a bloquear la carretera federal a la altura de Totalco, para continuar con la manifestaci\u00f3n que iniciaron el d\u00eda de ayer.\u00a0<\/p>\n\n\n\n<p>Durante la mesa tambi\u00e9n se expuso que en las \u00faltimas 24 horas se cumplimentaron 9 mandamientos judiciales, 3 detenciones en flagrancia y se localizaron 6 personas reportadas como desaparecidas.<\/p>\n","protected":false},"excerpt":{"rendered":"<p>Dar\u00edo Pale Xalapa, Ver.- El gobernador Cuitl\u00e1huac Garc\u00eda Jim\u00e9nez, advirti\u00f3 desde la mesa de seguridad que se realiz\u00f3 desde Coatzacoalcos, que en los casos de violencia en San Andr\u00e9s Tuxtla y Totalco se har\u00e1 justicia. A trav\u00e9s de sus redes sociales, poste\u00f3 un breve mensaje: &#8220;En Coatzacoalcos trabajamos en la Coordinaci\u00f3n Estatal para la Construcci\u00f3n [&hellip;]<\/p>\n","protected":false},"author":2476,"featured_media":55913,"comment_status":"open","ping_status":"open","sticky":false,"template":"","format":"standard","meta":{"_jetpack_memberships_contains_paid_content":false,"footnotes":""},"categories":[2],"tags":[],"class_list":["post-55912","post","type-post","status-publish","format-standard","has-post-thumbnail","hentry","category-estado"],"jetpack_featured_media_url":"https:\/\/encuentroinformativo.com.mx\/wp-content\/uploads\/2024\/06\/IMG-20240621-WA0054.jpg","jetpack_sharing_enabled":true,"jetpack_likes_enabled":true,"amp_enabled":true,"_links":{"self":[{"href":"https:\/\/encuentroinformativo.com.mx\/index.php?rest_route=\/wp\/v2\/posts\/55912","targetHints":{"allow":["GET"]}}],"collection":[{"href":"https:\/\/encuentroinformativo.com.mx\/index.php?rest_route=\/wp\/v2\/posts"}],"about":[{"href":"https:\/\/encuentroinformativo.com.mx\/index.php?rest_route=\/wp\/v2\/types\/post"}],"author":[{"embeddable":true,"href":"https:\/\/encuentroinformativo.com.mx\/index.php?rest_route=\/wp\/v2\/users\/2476"}],"replies":[{"embeddable":true,"href":"https:\/\/encuentroinformativo.com.mx\/index.php?rest_route=%2Fwp%2Fv2%2Fcomments&post=55912"}],"version-history":[{"count":1,"href":"https:\/\/encuentroinformativo.com.mx\/index.php?rest_route=\/wp\/v2\/posts\/55912\/revisions"}],"predecessor-version":[{"id":55914,"href":"https:\/\/encuentroinformativo.com.mx\/index.php?rest_route=\/wp\/v2\/posts\/55912\/revisions\/55914"}],"wp:featuredmedia":[{"embeddable":true,"href":"https:\/\/encuentroinformativo.com.mx\/index.php?rest_route=\/wp\/v2\/media\/55913"}],"wp:attachment":[{"href":"https:\/\/encuentroinformativo.com.mx\/index.php?rest_route=%2Fwp%2Fv2%2Fmedia&parent=55912"}],"wp:term":[{"taxonomy":"category","embeddable":true,"href":"https:\/\/encuentroinformativo.com.mx\/index.php?rest_route=%2Fwp%2Fv2%2Fcategories&post=55912"},{"taxonomy":"post_tag","embeddable":true,"href":"https:\/\/encuentroinformativo.com.mx\/index.php?rest_route=%2Fwp%2Fv2%2Ftags&post=55912"}],"curies":[{"name":"wp","href":"https:\/\/api.w.org\/{rel}","templated":true}]}}