{"id":55915,"date":"2024-06-21T15:23:44","date_gmt":"2024-06-21T21:23:44","guid":{"rendered":"https:\/\/encuentroinformativo.com.mx\/?p=55915"},"modified":"2024-06-21T15:23:53","modified_gmt":"2024-06-21T21:23:53","slug":"develan-letras-de-oro-del-tecnologico-nacional-de-mexico-en-el-senado-de-la-republica","status":"publish","type":"post","link":"https:\/\/encuentroinformativo.com.mx\/?p=55915","title":{"rendered":"Develan letras de oro del Tecnol\u00f3gico Nacional de M\u00e9xico en el Senado de la Rep\u00fablica"},"content":{"rendered":"\n<p><strong>* Desde su fundaci\u00f3n, ha sido un faro de la excelencia y un motor de innovaci\u00f3n y desarrollo tecnol\u00f3gico.<\/strong><\/p>\n\n\n\n<p><strong>* Destaca por su inquebrantable compromiso con la excelencia educativa del pa\u00eds.<\/strong><\/p>\n\n\n\n<p>Ciudad de M\u00e9xico.- En un hito hist\u00f3rico para el Tecnol\u00f3gico Nacional (TecNM) de M\u00e9xico, se llev\u00f3 a cabo la develaci\u00f3n de sus letras de oro en el Muro de Honor del Senado de la Rep\u00fablica, siendo un reconocimiento a la destacada contribuci\u00f3n del TecNM en la educaci\u00f3n y su impacto en el desarrollo del pa\u00eds.<\/p>\n\n\n\n<p>La inscripci\u00f3n de la leyenda \u201cTecnol\u00f3gico Nacional de M\u00e9xico por mi patria y por mi bien\u201d, simboliza la importancia de la educaci\u00f3n tecnol\u00f3gica en el progreso de M\u00e9xico, destacando el compromiso de la instituci\u00f3n con la formaci\u00f3n de profesionales altamente capacitados y la promoci\u00f3n de la innovaci\u00f3n y el desarrollo tecnol\u00f3gico.<\/p>\n\n\n\n<p>La ceremonia solemne fue encabezada por la Secretaria de Educaci\u00f3n P\u00fablica, Leticia Ram\u00edrez Amaya, la Presidenta del Senado de la Rep\u00fablica, Ana Lilia Rivera Rivera y el Director General del TecNM, Ram\u00f3n Jim\u00e9nez L\u00f3pez, quien estuvo arropado de los directores de los tecnol\u00f3gicos del pa\u00eds y, quien destac\u00f3 que el Tecnol\u00f3gico Nacional de M\u00e9xico es una instituci\u00f3n que ha sido pilar fundamental en la formaci\u00f3n de ingenieros en el pa\u00eds durante m\u00e1s de 75 a\u00f1os.<\/p>\n\n\n\n<p>El Tecnol\u00f3gico Nacional de M\u00e9xico, fundado en 2014, agrupa a m\u00e1s de 254 instituciones educativas que proporcionan educaci\u00f3n superior tecnol\u00f3gica en todo el pa\u00eds. Con una matr\u00edcula que supera los 600 mil estudiantes, siendo la instituci\u00f3n m\u00e1s grande de Educaci\u00f3n Superior en M\u00e9xico y Latinoam\u00e9rica.<\/p>\n\n\n\n<p>A dicha ceremonia acudi\u00f3 el Ingeniero Eleazar Guerrero Barrera, quien reconoci\u00f3 las acciones de \u00e9sta instituci\u00f3n educativa y agreg\u00f3 que dicha inscripci\u00f3n es un reconocimiento al compromiso y dedicaci\u00f3n de toda una comunidad educativa que ha contribuido de manera significativa al desarrollo de M\u00e9xico.<\/p>\n\n\n\n<p>La inscripci\u00f3n del TecNM en el Senado de la Rep\u00fablica es un momento hist\u00f3rico y trascendental porque representa un fragmento de la historia nacional. El Presidente Andr\u00e9s Manuel L\u00f3pez Obrador y la Cuarta Transformaci\u00f3n tienen como objetivo seguir impulsando a las y los j\u00f3venes y la educaci\u00f3n, los cuales son prioridad nacional en su gobierno.<\/p>\n\n\n\n<figure class=\"wp-block-image size-large\"><img loading=\"lazy\" decoding=\"async\" width=\"1024\" height=\"768\" src=\"https:\/\/encuentroinformativo.com.mx\/wp-content\/uploads\/2024\/06\/1000327835-1024x768.jpg\" alt=\"\" class=\"wp-image-55917\" srcset=\"https:\/\/encuentroinformativo.com.mx\/wp-content\/uploads\/2024\/06\/1000327835-1024x768.jpg 1024w, https:\/\/encuentroinformativo.com.mx\/wp-content\/uploads\/2024\/06\/1000327835-300x225.jpg 300w, https:\/\/encuentroinformativo.com.mx\/wp-content\/uploads\/2024\/06\/1000327835-768x576.jpg 768w, https:\/\/encuentroinformativo.com.mx\/wp-content\/uploads\/2024\/06\/1000327835-1536x1152.jpg 1536w, https:\/\/encuentroinformativo.com.mx\/wp-content\/uploads\/2024\/06\/1000327835-2048x1536.jpg 2048w\" sizes=\"auto, (max-width: 1024px) 100vw, 1024px\" \/><\/figure>\n","protected":false},"excerpt":{"rendered":"<p>* Desde su fundaci\u00f3n, ha sido un faro de la excelencia y un motor de innovaci\u00f3n y desarrollo tecnol\u00f3gico. * Destaca por su inquebrantable compromiso con la excelencia educativa del pa\u00eds. Ciudad de M\u00e9xico.- En un hito hist\u00f3rico para el Tecnol\u00f3gico Nacional (TecNM) de M\u00e9xico, se llev\u00f3 a cabo la develaci\u00f3n de sus letras de [&hellip;]<\/p>\n","protected":false},"author":2476,"featured_media":55916,"comment_status":"open","ping_status":"open","sticky":false,"template":"","format":"standard","meta":{"_jetpack_memberships_contains_paid_content":false,"footnotes":""},"categories":[12],"tags":[],"class_list":["post-55915","post","type-post","status-publish","format-standard","has-post-thumbnail","hentry","category-nacional"],"jetpack_featured_media_url":"https:\/\/encuentroinformativo.com.mx\/wp-content\/uploads\/2024\/06\/IMG-20240621-WA0044.jpg","jetpack_sharing_enabled":true,"jetpack_likes_enabled":true,"amp_enabled":true,"_links":{"self":[{"href":"https:\/\/encuentroinformativo.com.mx\/index.php?rest_route=\/wp\/v2\/posts\/55915","targetHints":{"allow":["GET"]}}],"collection":[{"href":"https:\/\/encuentroinformativo.com.mx\/index.php?rest_route=\/wp\/v2\/posts"}],"about":[{"href":"https:\/\/encuentroinformativo.com.mx\/index.php?rest_route=\/wp\/v2\/types\/post"}],"author":[{"embeddable":true,"href":"https:\/\/encuentroinformativo.com.mx\/index.php?rest_route=\/wp\/v2\/users\/2476"}],"replies":[{"embeddable":true,"href":"https:\/\/encuentroinformativo.com.mx\/index.php?rest_route=%2Fwp%2Fv2%2Fcomments&post=55915"}],"version-history":[{"count":1,"href":"https:\/\/encuentroinformativo.com.mx\/index.php?rest_route=\/wp\/v2\/posts\/55915\/revisions"}],"predecessor-version":[{"id":55918,"href":"https:\/\/encuentroinformativo.com.mx\/index.php?rest_route=\/wp\/v2\/posts\/55915\/revisions\/55918"}],"wp:featuredmedia":[{"embeddable":true,"href":"https:\/\/encuentroinformativo.com.mx\/index.php?rest_route=\/wp\/v2\/media\/55916"}],"wp:attachment":[{"href":"https:\/\/encuentroinformativo.com.mx\/index.php?rest_route=%2Fwp%2Fv2%2Fmedia&parent=55915"}],"wp:term":[{"taxonomy":"category","embeddable":true,"href":"https:\/\/encuentroinformativo.com.mx\/index.php?rest_route=%2Fwp%2Fv2%2Fcategories&post=55915"},{"taxonomy":"post_tag","embeddable":true,"href":"https:\/\/encuentroinformativo.com.mx\/index.php?rest_route=%2Fwp%2Fv2%2Ftags&post=55915"}],"curies":[{"name":"wp","href":"https:\/\/api.w.org\/{rel}","templated":true}]}}