{"id":55919,"date":"2024-06-21T15:30:01","date_gmt":"2024-06-21T21:30:01","guid":{"rendered":"https:\/\/encuentroinformativo.com.mx\/?p=55919"},"modified":"2024-06-21T15:30:07","modified_gmt":"2024-06-21T21:30:07","slug":"yunes-marquez-busca-retardar-audiencia-para-tener-fuero-morena","status":"publish","type":"post","link":"https:\/\/encuentroinformativo.com.mx\/?p=55919","title":{"rendered":"Yunes M\u00e1rquez busca retardar audiencia para tener fuero: Morena"},"content":{"rendered":"\n<p><strong>Dar\u00edo Pale <\/strong><\/p>\n\n\n\n<p>Xalapa, Ver.- El representante legal de Morena ante el OPLE, Gabriel On\u00e9simo Z\u00fa\u00f1iga Obando, acus\u00f3 que Yunes M\u00e1rquez busca dilatar audiencia en Pacho para rendir protesta como senador y tener fuero.<\/p>\n\n\n\n<p>En entrevista, opin\u00f3 que el senador electo Miguel \u00c1ngel Yunes M\u00e1rquez, est\u00e1 incurriendo en mecanismos &#8220;legaloides&#8221; para dilatar su comparecencia ante la justicia y tener tiempo de rendir protesta como senador electo y lograr el fuero.<\/p>\n\n\n\n<p>Luego de la audiencia de vinculaci\u00f3n a proceso en contra de Yunes M\u00e1rquez, confirm\u00f3 que la Fiscal\u00eda General del Estado solicit\u00f3 cinco d\u00edas para corroborar el dictamen m\u00e9dico que aporta, as\u00ed como los domicilios para la notificaci\u00f3n legal de \u00e9l como de las otras personas implicadas.<\/p>\n\n\n\n<p>En el caso de que la Fiscal\u00eda General del Estado quisiera corroborar los dichos del senador y de su defensa, en el sentido de que presenta un problema de movilidad; el organismo aut\u00f3nomo tendr\u00eda que solicit\u00e1rselo al juez de Control.<\/p>\n\n\n\n<p>Hasta este momento no se acord\u00f3 por las partes, para que con peritos propios la Fiscal\u00eda valorara la condici\u00f3n medica y de salud de Yunes M\u00e1rquez.<\/p>\n\n\n\n<p>En relaci\u00f3n al certificado m\u00e9dico emitido por la beneficencia espa\u00f1ola consider\u00f3 que dicha instituci\u00f3n no es autoridad correspondiente, por tratarse de una instituci\u00f3n privada.<\/p>\n\n\n\n<p>En torno a lo que manifest\u00f3 el propio senador electo de que es inocente y un perseguido pol\u00edtico, Z\u00fa\u00f1iga Obando opin\u00f3 que debe demostrar su inocencia.<\/p>\n\n\n\n<p>&#8220;Tuvo su oportunidad de comparecer y demostrar su inocencia y no lo hizo&#8221;, manifest\u00f3.<\/p>\n\n\n\n<p>El representante de Morena que acudi\u00f3 ante a la audiencia en calidad de agraviado, en sustituci\u00f3n del anterior representante de Morena, David Agust\u00edn Jim\u00e9nez; recalc\u00f3 que la Fiscal\u00eda podr\u00eda emitir un peritaje m\u00e9dico de las supuestas lesiones de Yunes M\u00e1rquez, luego un peritaje m\u00e9dico y, de negarse a presentar, emitir una orden de presentaci\u00f3n.<\/p>\n","protected":false},"excerpt":{"rendered":"<p>Dar\u00edo Pale Xalapa, Ver.- El representante legal de Morena ante el OPLE, Gabriel On\u00e9simo Z\u00fa\u00f1iga Obando, acus\u00f3 que Yunes M\u00e1rquez busca dilatar audiencia en Pacho para rendir protesta como senador y tener fuero. En entrevista, opin\u00f3 que el senador electo Miguel \u00c1ngel Yunes M\u00e1rquez, est\u00e1 incurriendo en mecanismos &#8220;legaloides&#8221; para dilatar su comparecencia ante la [&hellip;]<\/p>\n","protected":false},"author":2476,"featured_media":55920,"comment_status":"open","ping_status":"open","sticky":false,"template":"","format":"standard","meta":{"_jetpack_memberships_contains_paid_content":false,"footnotes":""},"categories":[2],"tags":[],"class_list":["post-55919","post","type-post","status-publish","format-standard","has-post-thumbnail","hentry","category-estado"],"jetpack_featured_media_url":"https:\/\/encuentroinformativo.com.mx\/wp-content\/uploads\/2024\/06\/IMG-20240621-WA0043.jpg","jetpack_sharing_enabled":true,"jetpack_likes_enabled":true,"amp_enabled":true,"_links":{"self":[{"href":"https:\/\/encuentroinformativo.com.mx\/index.php?rest_route=\/wp\/v2\/posts\/55919","targetHints":{"allow":["GET"]}}],"collection":[{"href":"https:\/\/encuentroinformativo.com.mx\/index.php?rest_route=\/wp\/v2\/posts"}],"about":[{"href":"https:\/\/encuentroinformativo.com.mx\/index.php?rest_route=\/wp\/v2\/types\/post"}],"author":[{"embeddable":true,"href":"https:\/\/encuentroinformativo.com.mx\/index.php?rest_route=\/wp\/v2\/users\/2476"}],"replies":[{"embeddable":true,"href":"https:\/\/encuentroinformativo.com.mx\/index.php?rest_route=%2Fwp%2Fv2%2Fcomments&post=55919"}],"version-history":[{"count":1,"href":"https:\/\/encuentroinformativo.com.mx\/index.php?rest_route=\/wp\/v2\/posts\/55919\/revisions"}],"predecessor-version":[{"id":55921,"href":"https:\/\/encuentroinformativo.com.mx\/index.php?rest_route=\/wp\/v2\/posts\/55919\/revisions\/55921"}],"wp:featuredmedia":[{"embeddable":true,"href":"https:\/\/encuentroinformativo.com.mx\/index.php?rest_route=\/wp\/v2\/media\/55920"}],"wp:attachment":[{"href":"https:\/\/encuentroinformativo.com.mx\/index.php?rest_route=%2Fwp%2Fv2%2Fmedia&parent=55919"}],"wp:term":[{"taxonomy":"category","embeddable":true,"href":"https:\/\/encuentroinformativo.com.mx\/index.php?rest_route=%2Fwp%2Fv2%2Fcategories&post=55919"},{"taxonomy":"post_tag","embeddable":true,"href":"https:\/\/encuentroinformativo.com.mx\/index.php?rest_route=%2Fwp%2Fv2%2Ftags&post=55919"}],"curies":[{"name":"wp","href":"https:\/\/api.w.org\/{rel}","templated":true}]}}