{"id":55922,"date":"2024-06-21T16:37:37","date_gmt":"2024-06-21T22:37:37","guid":{"rendered":"https:\/\/encuentroinformativo.com.mx\/?p=55922"},"modified":"2024-06-21T16:37:43","modified_gmt":"2024-06-21T22:37:43","slug":"condena-ayuntamiento-hechos-de-totalco-suspenden-festividades","status":"publish","type":"post","link":"https:\/\/encuentroinformativo.com.mx\/?p=55922","title":{"rendered":"Condena Ayuntamiento hechos de Totalco, suspenden festividades"},"content":{"rendered":"\n<p><strong>Dar\u00edo Pale <\/strong><\/p>\n\n\n\n<p>Xalapa, Ver.- El Ayuntamiento de Perote, conden\u00f3 los hechos de violencia que se registraron el d\u00eda de ayer en Totalco, y en solidaridad a las familias que resultaron afectadas como una muestra de respeto y para enfocarse en atender esta situaci\u00f3n, han decidido suspender las actividades relativas a los 499 a\u00f1os de dicho municipio.<\/p>\n\n\n\n<p>Mediante un comunicado firmado por el presidente municipal Delfino Ortega Mart\u00ednez y toda la comuna condenaron los hechos de violencia sucedidos el d\u00eda de ayer, en la comunidad de Totalco, la cual, visti\u00f3 de luto a todo el municipio.<\/p>\n\n\n\n<p>&#8220;Nos solidarizamos con las familias de los afectados y nos sumamos al llamado de justicia que como perote\u00f1os hacemos, un llamado en\u00e9rgico, pero respetuoso a las autoridades para que de manera pronta se esclarezcan estos lamentables hechos,&#8221; se\u00f1ala el documento.<\/p>\n\n\n\n<p>&#8220;De nuestra parte, como siempre lo hemos hecho dentro del \u00e1mbito de nuestras atribuciones, estuvimos al pendiente de la situaci\u00f3n y buscamos el contacto con las familias de los afectados y de los pobladores de Totalco, con los que el Presidente Municipal Delfino Ortega Mart\u00ednez, se reuni\u00f3 en las primeras horas de este d\u00eda viernes, refrendando el compromiso de ser el medio para lograr que sus exigencias de justicia, a las cuales nos sumamos, sean escuchadas por las autoridades estatales&#8221;, dice el comunicado.<\/p>\n\n\n\n<p>Dan a conocer que de igual forma se comunicaron con el Secretario de Gobierno, quien instruy\u00f3 al licenciado Sergio Ulises Montes Guzm\u00e1n , Subsecretario de dicha dependencia, quien en breve en compa\u00f1\u00eda del alcalde se estar\u00e1 reuniendo con los pobladores .\u00a0<\/p>\n\n\n\n<p>&#8220;El Ayuntamiento de Perote, por unanimidad y ante el profundo dolor que como perote\u00f1os nos embarga, como una muestra de respeto y para enfocarnos en atender esta situaci\u00f3n, hemos decidido suspender las actividades relativas a los 499 a\u00f1os de nuestro municipio&#8221;.<\/p>\n\n\n\n<p>Finalmente se\u00f1ala que este es un momento para abrazar fuerte a su gente y hacerles saber que est\u00e1n con ellos, acompa\u00f1\u00e1ndolos en estos hechos tan dolorosos y que seguir\u00e1n haciendo todo lo que est\u00e1 a su alcance para ayudarles, como siempre lo han hecho.<\/p>\n","protected":false},"excerpt":{"rendered":"<p>Dar\u00edo Pale Xalapa, Ver.- El Ayuntamiento de Perote, conden\u00f3 los hechos de violencia que se registraron el d\u00eda de ayer en Totalco, y en solidaridad a las familias que resultaron afectadas como una muestra de respeto y para enfocarse en atender esta situaci\u00f3n, han decidido suspender las actividades relativas a los 499 a\u00f1os de dicho [&hellip;]<\/p>\n","protected":false},"author":2476,"featured_media":55923,"comment_status":"open","ping_status":"open","sticky":false,"template":"","format":"standard","meta":{"_jetpack_memberships_contains_paid_content":false,"footnotes":""},"categories":[8],"tags":[],"class_list":["post-55922","post","type-post","status-publish","format-standard","has-post-thumbnail","hentry","category-region"],"jetpack_featured_media_url":"https:\/\/encuentroinformativo.com.mx\/wp-content\/uploads\/2024\/06\/IMG-20240621-WA0057.jpg","jetpack_sharing_enabled":true,"jetpack_likes_enabled":true,"amp_enabled":true,"_links":{"self":[{"href":"https:\/\/encuentroinformativo.com.mx\/index.php?rest_route=\/wp\/v2\/posts\/55922","targetHints":{"allow":["GET"]}}],"collection":[{"href":"https:\/\/encuentroinformativo.com.mx\/index.php?rest_route=\/wp\/v2\/posts"}],"about":[{"href":"https:\/\/encuentroinformativo.com.mx\/index.php?rest_route=\/wp\/v2\/types\/post"}],"author":[{"embeddable":true,"href":"https:\/\/encuentroinformativo.com.mx\/index.php?rest_route=\/wp\/v2\/users\/2476"}],"replies":[{"embeddable":true,"href":"https:\/\/encuentroinformativo.com.mx\/index.php?rest_route=%2Fwp%2Fv2%2Fcomments&post=55922"}],"version-history":[{"count":1,"href":"https:\/\/encuentroinformativo.com.mx\/index.php?rest_route=\/wp\/v2\/posts\/55922\/revisions"}],"predecessor-version":[{"id":55924,"href":"https:\/\/encuentroinformativo.com.mx\/index.php?rest_route=\/wp\/v2\/posts\/55922\/revisions\/55924"}],"wp:featuredmedia":[{"embeddable":true,"href":"https:\/\/encuentroinformativo.com.mx\/index.php?rest_route=\/wp\/v2\/media\/55923"}],"wp:attachment":[{"href":"https:\/\/encuentroinformativo.com.mx\/index.php?rest_route=%2Fwp%2Fv2%2Fmedia&parent=55922"}],"wp:term":[{"taxonomy":"category","embeddable":true,"href":"https:\/\/encuentroinformativo.com.mx\/index.php?rest_route=%2Fwp%2Fv2%2Fcategories&post=55922"},{"taxonomy":"post_tag","embeddable":true,"href":"https:\/\/encuentroinformativo.com.mx\/index.php?rest_route=%2Fwp%2Fv2%2Ftags&post=55922"}],"curies":[{"name":"wp","href":"https:\/\/api.w.org\/{rel}","templated":true}]}}