{"id":55937,"date":"2024-06-22T13:49:16","date_gmt":"2024-06-22T19:49:16","guid":{"rendered":"https:\/\/encuentroinformativo.com.mx\/?p=55937"},"modified":"2024-06-22T13:49:23","modified_gmt":"2024-06-22T19:49:23","slug":"joven-de-20-anos-pierde-la-vida-en-aparatoso-accidente-en-veracruz-puerto","status":"publish","type":"post","link":"https:\/\/encuentroinformativo.com.mx\/?p=55937","title":{"rendered":"Joven de 20 a\u00f1os pierde la vida en aparatoso accidente en Veracruz puerto"},"content":{"rendered":"\n<p><strong>Alejandro \u00c1vila<\/strong><\/p>\n\n\n\n<p>Veracruz, Ver.- Un joven de apenas 20 a\u00f1os de edad perdi\u00f3 la vida la madrugada de este s\u00e1bado al perder el control de su veh\u00edculo y chocar contra un poste en la avenida Rafael Cuervo del puerto de Veracruz.<\/p>\n\n\n\n<p>Los hechos ocurrieron los primeros minutos de este s\u00e1bado 22 de junio y, seg\u00fan testigos, el conductor viajaba exceso de velocidad, perdi\u00f3 el control de su unidad y choc\u00f3 contra un poste met\u00e1lico, dejando el autom\u00f3vil casi partido a la mitad.<\/p>\n\n\n\n<p>Es de mencionar que este tipo de accidentes ya no se hab\u00edan suscitado en este circuito vial, el cual provoca muchos derrapes y choques en \u00e9pocas de lluvias.<\/p>\n\n\n\n<p>Cuando los param\u00e9dicos de la Cruz Roja arribaron al lugar del choque, casi enfrente de la Plaza Brisas, encontraron al joven entre los fierros retorcidos de un Honda Civic color azul y confirmaron que ya no ten\u00eda signos vitales.<\/p>\n\n\n\n<p>El hoy occiso fue identificado como Jorge, trabajador de la empresa PROPESA, quien justo hab\u00eda salido de su jornada laboral y se dirig\u00eda a su casa en la colonia Playa Linda, al norte del puerto de Veracruz.<\/p>\n\n\n\n<figure class=\"wp-block-image size-large\"><img loading=\"lazy\" decoding=\"async\" width=\"768\" height=\"1024\" src=\"https:\/\/encuentroinformativo.com.mx\/wp-content\/uploads\/2024\/06\/1000328424-768x1024.jpg\" alt=\"\" class=\"wp-image-55939\" srcset=\"https:\/\/encuentroinformativo.com.mx\/wp-content\/uploads\/2024\/06\/1000328424-768x1024.jpg 768w, https:\/\/encuentroinformativo.com.mx\/wp-content\/uploads\/2024\/06\/1000328424-225x300.jpg 225w, https:\/\/encuentroinformativo.com.mx\/wp-content\/uploads\/2024\/06\/1000328424.jpg 960w\" sizes=\"auto, (max-width: 768px) 100vw, 768px\" \/><\/figure>\n","protected":false},"excerpt":{"rendered":"<p>Alejandro \u00c1vila Veracruz, Ver.- Un joven de apenas 20 a\u00f1os de edad perdi\u00f3 la vida la madrugada de este s\u00e1bado al perder el control de su veh\u00edculo y chocar contra un poste en la avenida Rafael Cuervo del puerto de Veracruz. Los hechos ocurrieron los primeros minutos de este s\u00e1bado 22 de junio y, seg\u00fan [&hellip;]<\/p>\n","protected":false},"author":2476,"featured_media":55938,"comment_status":"open","ping_status":"open","sticky":false,"template":"","format":"standard","meta":{"_jetpack_memberships_contains_paid_content":false,"footnotes":""},"categories":[2],"tags":[],"class_list":["post-55937","post","type-post","status-publish","format-standard","has-post-thumbnail","hentry","category-estado"],"jetpack_featured_media_url":"https:\/\/encuentroinformativo.com.mx\/wp-content\/uploads\/2024\/06\/IMG-20240622-WA0018.jpg","jetpack_sharing_enabled":true,"jetpack_likes_enabled":true,"amp_enabled":true,"_links":{"self":[{"href":"https:\/\/encuentroinformativo.com.mx\/index.php?rest_route=\/wp\/v2\/posts\/55937","targetHints":{"allow":["GET"]}}],"collection":[{"href":"https:\/\/encuentroinformativo.com.mx\/index.php?rest_route=\/wp\/v2\/posts"}],"about":[{"href":"https:\/\/encuentroinformativo.com.mx\/index.php?rest_route=\/wp\/v2\/types\/post"}],"author":[{"embeddable":true,"href":"https:\/\/encuentroinformativo.com.mx\/index.php?rest_route=\/wp\/v2\/users\/2476"}],"replies":[{"embeddable":true,"href":"https:\/\/encuentroinformativo.com.mx\/index.php?rest_route=%2Fwp%2Fv2%2Fcomments&post=55937"}],"version-history":[{"count":1,"href":"https:\/\/encuentroinformativo.com.mx\/index.php?rest_route=\/wp\/v2\/posts\/55937\/revisions"}],"predecessor-version":[{"id":55940,"href":"https:\/\/encuentroinformativo.com.mx\/index.php?rest_route=\/wp\/v2\/posts\/55937\/revisions\/55940"}],"wp:featuredmedia":[{"embeddable":true,"href":"https:\/\/encuentroinformativo.com.mx\/index.php?rest_route=\/wp\/v2\/media\/55938"}],"wp:attachment":[{"href":"https:\/\/encuentroinformativo.com.mx\/index.php?rest_route=%2Fwp%2Fv2%2Fmedia&parent=55937"}],"wp:term":[{"taxonomy":"category","embeddable":true,"href":"https:\/\/encuentroinformativo.com.mx\/index.php?rest_route=%2Fwp%2Fv2%2Fcategories&post=55937"},{"taxonomy":"post_tag","embeddable":true,"href":"https:\/\/encuentroinformativo.com.mx\/index.php?rest_route=%2Fwp%2Fv2%2Ftags&post=55937"}],"curies":[{"name":"wp","href":"https:\/\/api.w.org\/{rel}","templated":true}]}}