{"id":5595,"date":"2020-09-06T13:45:18","date_gmt":"2020-09-06T18:45:18","guid":{"rendered":"https:\/\/encuentroinformativo.com\/?p=5595"},"modified":"2020-09-06T13:45:20","modified_gmt":"2020-09-06T18:45:20","slug":"en-la-badillo-vecinos-cierran-calle-a-la-circulacion","status":"publish","type":"post","link":"https:\/\/encuentroinformativo.com.mx\/?p=5595","title":{"rendered":"En la Badillo, vecinos cierran calle a la circulaci\u00f3n"},"content":{"rendered":"\n<p><strong>Juan Arcos <\/strong><\/p>\n\n\n\n<p>Xalapa, Ver.- Un grupo de vecinos us\u00f3 barricadas improvisadas y una cadena para cerrar la calle Avellana de la colonia Badillo, sin ning\u00fan permiso por parte de las autoridades municipales y estatales.<\/p>\n\n\n\n<p>Lo anterior, enfureci\u00f3 a quienes tienen que transitar por dicha zona con motivos laborales.<\/p>\n\n\n\n<p>De acuerdo con uno de los inconformes, quien solicit\u00f3 el anonimato, se dedica a la entrega de comida a domicilio, situaci\u00f3n que no es posible en dicha zona por el cierre de la vialidad.<\/p>\n\n\n\n<p>\u201cComo cuando andas en chinga con tus repartos y a los vecinos de la calle Avellana colonia Badillo se les ocurre inteligentemente poner barreras para que no pasen los autos, que parte de v\u00eda p\u00fablica no entienden\u201d, expres\u00f3.<\/p>\n\n\n\n<p>El quejosos coment\u00f3 que para ingresar a la calle mencionada en veh\u00edculo, es necesario rodear parte de la colonia Constituyentes, lo que resulta innecesario para algunos conductores, pues hay una calle que deber\u00eda estar libre.<\/p>\n\n\n\n<p>\u201cPorque de otra manera tienes que rodear por la colonia Constituyentes para llegar a agua santa y regresar a esa calle\u201d.<\/p>\n\n\n\n<p>Al lugar puede accederse por la unidad habitacional Agua Santa 2, cuya avenida principal estuvo cerrada durante unos meses por los trabajos para su reparaci\u00f3n.<\/p>\n\n\n\n<p>\u201cSi bastante chinga, mi se\u00f1ora corri\u00f3 dos cuadras para entregar el servicio\u201d, enfatiz\u00f3, muy molesto, uno de los afectados con el cierre de la calle Avellana.<\/p>\n\n\n\n<p>Por tal motivo, ciudadanas y ciudadanos pidieron la intervenci\u00f3n de la Direcci\u00f3n de Desarrollo Urbano del ayuntamiento de Xalapa y de la Direcci\u00f3n General de Tr\u00e1nsito y Seguridad Vial para que sea atendido el problema y sea reabierta la circulaci\u00f3n en dicha arteria vehicular.<\/p>\n","protected":false},"excerpt":{"rendered":"<p>Juan Arcos Xalapa, Ver.- Un grupo de vecinos us\u00f3 barricadas improvisadas y una cadena para cerrar la calle Avellana de la colonia Badillo, sin ning\u00fan permiso por parte de las autoridades municipales y estatales. Lo anterior, enfureci\u00f3 a quienes tienen que transitar por dicha zona con motivos laborales. De acuerdo con uno de los inconformes, [&hellip;]<\/p>\n","protected":false},"author":1,"featured_media":5596,"comment_status":"open","ping_status":"open","sticky":false,"template":"","format":"standard","meta":{"_jetpack_memberships_contains_paid_content":false,"footnotes":""},"categories":[3],"tags":[],"class_list":["post-5595","post","type-post","status-publish","format-standard","has-post-thumbnail","hentry","category-xalapa"],"jetpack_featured_media_url":"https:\/\/encuentroinformativo.com.mx\/wp-content\/uploads\/2020\/09\/EA0B99FE-6881-497E-9B0F-FB781C504E4B.jpeg","jetpack_sharing_enabled":true,"jetpack_likes_enabled":true,"amp_enabled":true,"_links":{"self":[{"href":"https:\/\/encuentroinformativo.com.mx\/index.php?rest_route=\/wp\/v2\/posts\/5595","targetHints":{"allow":["GET"]}}],"collection":[{"href":"https:\/\/encuentroinformativo.com.mx\/index.php?rest_route=\/wp\/v2\/posts"}],"about":[{"href":"https:\/\/encuentroinformativo.com.mx\/index.php?rest_route=\/wp\/v2\/types\/post"}],"author":[{"embeddable":true,"href":"https:\/\/encuentroinformativo.com.mx\/index.php?rest_route=\/wp\/v2\/users\/1"}],"replies":[{"embeddable":true,"href":"https:\/\/encuentroinformativo.com.mx\/index.php?rest_route=%2Fwp%2Fv2%2Fcomments&post=5595"}],"version-history":[{"count":1,"href":"https:\/\/encuentroinformativo.com.mx\/index.php?rest_route=\/wp\/v2\/posts\/5595\/revisions"}],"predecessor-version":[{"id":5597,"href":"https:\/\/encuentroinformativo.com.mx\/index.php?rest_route=\/wp\/v2\/posts\/5595\/revisions\/5597"}],"wp:featuredmedia":[{"embeddable":true,"href":"https:\/\/encuentroinformativo.com.mx\/index.php?rest_route=\/wp\/v2\/media\/5596"}],"wp:attachment":[{"href":"https:\/\/encuentroinformativo.com.mx\/index.php?rest_route=%2Fwp%2Fv2%2Fmedia&parent=5595"}],"wp:term":[{"taxonomy":"category","embeddable":true,"href":"https:\/\/encuentroinformativo.com.mx\/index.php?rest_route=%2Fwp%2Fv2%2Fcategories&post=5595"},{"taxonomy":"post_tag","embeddable":true,"href":"https:\/\/encuentroinformativo.com.mx\/index.php?rest_route=%2Fwp%2Fv2%2Ftags&post=5595"}],"curies":[{"name":"wp","href":"https:\/\/api.w.org\/{rel}","templated":true}]}}