{"id":55952,"date":"2024-06-23T14:58:26","date_gmt":"2024-06-23T20:58:26","guid":{"rendered":"https:\/\/encuentroinformativo.com.mx\/?p=55952"},"modified":"2024-06-23T14:58:31","modified_gmt":"2024-06-23T20:58:31","slug":"detienen-a-presunto-homicida-de-sus-padres-en-actopan","status":"publish","type":"post","link":"https:\/\/encuentroinformativo.com.mx\/?p=55952","title":{"rendered":"Detienen a presunto homicida de sus padres en Actopan"},"content":{"rendered":"\n<p><strong>Juan Arcos <\/strong><\/p>\n\n\n\n<p>Xalapa, Ver.- H\u00e9ctor \u201cN\u201d fue detenido por elementos de la Polic\u00eda Ministerial como presunto asesino de sus padres identificados con las iniciales I.B.A. y A.Z.L., en hechos registrados en la zona centro del estado de Veracruz, a 38 kil\u00f3metros de la ciudad de Xalapa, la capital.<\/p>\n\n\n\n<p>La\u00a0Fiscal\u00eda General del Estado, encabezada por Ver\u00f3nica Hern\u00e1ndez Giad\u00e1ns, inform\u00f3 que los ministeriales arrestaron a este sujeto como probable responsable del delito de homicidio en agravio de sus padres.<\/p>\n\n\n\n<p>El crimen ocurri\u00f3 en la calle Morelos, de la localidad Coyolillo, perteneciente al municipio de Actopan, cuando presuntamente el detenido agredi\u00f3 con arma blanca a las v\u00edctimas, priv\u00e1ndolas de la vida.<\/p>\n\n\n\n<p>Se sabe que el agresor es adicto a las drogas y atac\u00f3 a sus padres durante la madrugada del s\u00e1bado 22 de junio; sin embargo, fue detenido por polic\u00edas municipales cuando pretend\u00eda huir y despu\u00e9s puesto a disposici\u00f3n de la Fiscal\u00eda General del Estado.<\/p>\n\n\n\n<p>De acuerdo con los reportes policiacos, al arribar al domicilio donde ocurrieron los hechos, los elementos de seguridad encontraron los cuerpos con m\u00faltiples heridas causadas con arma blanca.<\/p>\n\n\n\n<p>Testigos indicaron que H\u00e9ctor \u201cN\u201d es adicto a la droga conocida como \u201ccristal\u201d y maltrataba a sus padres cada vez que le negaban dinero, pues ellos cre\u00edan que lo usaba para satisfacer su adicci\u00f3n.<\/p>\n\n\n\n<p>Al lugar lleg\u00f3 personal de la Fiscal\u00eda de Veracruz y de la Direcci\u00f3n General de Servicios Periciales para el levantamiento de los cuerpos y su traslado al Servicio M\u00e9dico Forense (Semefo).<\/p>\n\n\n\n<p>En un comunicado, la Fiscal\u00eda General del Estado indic\u00f3 que, en respeto a sus derechos humanos y al debido proceso, H\u00e9ctor \u201cN\u201d ser\u00eda puesto a disposici\u00f3n de un juez de control y procedimiento penal oral, para que determine su situaci\u00f3n jur\u00eddica.<\/p>\n\n\n\n<p><strong>M\u00c1S CASOS DE PARRICIDAS<br><\/strong>El pasado 18 de marzo se registraron otros hechos violentos en el municipio de Orizaba, ubicado en la regi\u00f3n monta\u00f1osa central del estado de Veracruz, donde dos j\u00f3venes mataron a su padre al defender a su mam\u00e1, quien estaba siendo agredida por \u00e9l.<\/p>\n\n\n\n<p>En Banderilla, la zona conurbada con Xalapa, tambi\u00e9n se dio el caso de Arnold Manuel \u201cN\u201d, quien hab\u00eda estado recluido en un anexo por su problema de drogadicci\u00f3n y el 22 de agosto de 2023 atac\u00f3 a su familia cuando dorm\u00eda.<\/p>\n\n\n\n<p>Este sujeto agredi\u00f3 con un cuchillo en el pecho a su pap\u00e1, pero el se\u00f1or se defendi\u00f3 con una silla. Luego se le fue encima a su mam\u00e1 y la apu\u00f1al\u00f3 de manera salvaje hasta matarla para despu\u00e9s enterrar el arma en el est\u00f3mago a su peque\u00f1a hija, quien logr\u00f3 sobrevivir.<\/p>\n\n\n\n<p>La Fiscal\u00eda General del Estado inform\u00f3 que fue cumplimentada una orden de aprehensi\u00f3n en contra de dicho sujeto se\u00f1alado de los delitos de feminicidio en agravio de su madre Cecilia \u201cN\u201d, feminicidio en grado de tentativa en agravio de su hija, de identidad resguardada, y homicidio doloso, en grado de tentativa, en agravio de su padre, Ra\u00fal \u201cN\u201d.<\/p>\n","protected":false},"excerpt":{"rendered":"<p>Juan Arcos Xalapa, Ver.- H\u00e9ctor \u201cN\u201d fue detenido por elementos de la Polic\u00eda Ministerial como presunto asesino de sus padres identificados con las iniciales I.B.A. y A.Z.L., en hechos registrados en la zona centro del estado de Veracruz, a 38 kil\u00f3metros de la ciudad de Xalapa, la capital. La\u00a0Fiscal\u00eda General del Estado, encabezada por Ver\u00f3nica [&hellip;]<\/p>\n","protected":false},"author":2476,"featured_media":31074,"comment_status":"open","ping_status":"open","sticky":false,"template":"","format":"standard","meta":{"_jetpack_memberships_contains_paid_content":false,"footnotes":""},"categories":[14],"tags":[],"class_list":["post-55952","post","type-post","status-publish","format-standard","has-post-thumbnail","hentry","category-policiaca"],"jetpack_featured_media_url":"https:\/\/encuentroinformativo.com.mx\/wp-content\/uploads\/2022\/08\/7DD8A01C-2EED-454E-AA4E-A9400B4AA277.jpeg","jetpack_sharing_enabled":true,"jetpack_likes_enabled":true,"amp_enabled":true,"_links":{"self":[{"href":"https:\/\/encuentroinformativo.com.mx\/index.php?rest_route=\/wp\/v2\/posts\/55952","targetHints":{"allow":["GET"]}}],"collection":[{"href":"https:\/\/encuentroinformativo.com.mx\/index.php?rest_route=\/wp\/v2\/posts"}],"about":[{"href":"https:\/\/encuentroinformativo.com.mx\/index.php?rest_route=\/wp\/v2\/types\/post"}],"author":[{"embeddable":true,"href":"https:\/\/encuentroinformativo.com.mx\/index.php?rest_route=\/wp\/v2\/users\/2476"}],"replies":[{"embeddable":true,"href":"https:\/\/encuentroinformativo.com.mx\/index.php?rest_route=%2Fwp%2Fv2%2Fcomments&post=55952"}],"version-history":[{"count":1,"href":"https:\/\/encuentroinformativo.com.mx\/index.php?rest_route=\/wp\/v2\/posts\/55952\/revisions"}],"predecessor-version":[{"id":55953,"href":"https:\/\/encuentroinformativo.com.mx\/index.php?rest_route=\/wp\/v2\/posts\/55952\/revisions\/55953"}],"wp:featuredmedia":[{"embeddable":true,"href":"https:\/\/encuentroinformativo.com.mx\/index.php?rest_route=\/wp\/v2\/media\/31074"}],"wp:attachment":[{"href":"https:\/\/encuentroinformativo.com.mx\/index.php?rest_route=%2Fwp%2Fv2%2Fmedia&parent=55952"}],"wp:term":[{"taxonomy":"category","embeddable":true,"href":"https:\/\/encuentroinformativo.com.mx\/index.php?rest_route=%2Fwp%2Fv2%2Fcategories&post=55952"},{"taxonomy":"post_tag","embeddable":true,"href":"https:\/\/encuentroinformativo.com.mx\/index.php?rest_route=%2Fwp%2Fv2%2Ftags&post=55952"}],"curies":[{"name":"wp","href":"https:\/\/api.w.org\/{rel}","templated":true}]}}