{"id":55954,"date":"2024-06-23T15:06:20","date_gmt":"2024-06-23T21:06:20","guid":{"rendered":"https:\/\/encuentroinformativo.com.mx\/?p=55954"},"modified":"2024-06-23T15:06:25","modified_gmt":"2024-06-23T21:06:25","slug":"acusa-activista-presuntos-abusos-policiacos","status":"publish","type":"post","link":"https:\/\/encuentroinformativo.com.mx\/?p=55954","title":{"rendered":"Acusa activista presuntos abusos polic\u00edacos"},"content":{"rendered":"\n<p><strong>Juan Arcos <\/strong><\/p>\n\n\n\n<p>Xalapa, Ver.- El activista poblano Justo Soto fue brutalmente golpeado por elementos de la Secretar\u00eda de Seguridad P\u00fablica de Veracruz (SSP) cuando participaba en una manifestaci\u00f3n y el bloqueo de la carretera Perote-Puebla, a la altura de la comunidad Totalco, el pasado jueves.<\/p>\n\n\n\n<p>El adulto mayor es uno de los campesinos que protestaban en defensa del agua de la Cuenca Libres-Oriental, un movimiento integrado principalmente por poblanos y veracruzanos que reclaman el cese del uso de bombas antigranizo y que se detenga la explotaci\u00f3n del agua por empresas transnacionales, como Granjas Carroll.<\/p>\n\n\n\n<p>Tras la protesta, el gobierno de Veracruz orden\u00f3 el desalojo de los manifestantes, lo que result\u00f3 en un enfrentamiento en la localidad de San Antonio Lim\u00f3n \u201cTotalco\u201d perteneciente al municipio de Perote y localizada en los l\u00edmites con el estado de Puebla.<\/p>\n\n\n\n<p>El activista poblano es originario de Tepeyahualco e ingres\u00f3 a un hospital de Veracruz para recibir la atenci\u00f3n m\u00e9dica por las lesiones sufridas durante un enfrentamiento entre campesinos y la Fuerza Civil.<\/p>\n\n\n\n<p>\u201cS\u00ed, ven\u00eda yo bien recomendadito, pero no me arrepiento, te lo juro que no me arrepiento, es para el futuro de los nietos, con las macanas y con el fusil me dieron de aqu\u00ed con el ca\u00f1\u00f3n. S\u00ed, estaba bien tirado y todav\u00eda me segu\u00edan golpeando\u201d, relat\u00f3.<\/p>\n\n\n\n<p>El incidente dej\u00f3 un saldo de dos personas fallecidas, varios detenidos y lesionados. Incluso, don Justo Soto se presume fue arrestado de manera arbitraria cuando estaba en el hospital.<\/p>\n\n\n\n<p>La noche del s\u00e1bado, la Fiscal\u00eda General del Estado de Veracruz inform\u00f3 que pidi\u00f3 la intervenci\u00f3n de la Fiscal\u00eda General de la Rep\u00fablica (FGR), remiti\u00e9ndoles la carpeta de investigaci\u00f3n correspondiente, para que las diligencias permitan el esclarecimiento de los hechos.<\/p>\n\n\n\n<p>Cabe recordar que diversas organizaciones ambientalistas se pronunciaron contra la represi\u00f3n que sufrieron los campesinos y exigieron justicia por el fallecimiento de dos manifestantes de Totalco.<\/p>\n","protected":false},"excerpt":{"rendered":"<p>Juan Arcos Xalapa, Ver.- El activista poblano Justo Soto fue brutalmente golpeado por elementos de la Secretar\u00eda de Seguridad P\u00fablica de Veracruz (SSP) cuando participaba en una manifestaci\u00f3n y el bloqueo de la carretera Perote-Puebla, a la altura de la comunidad Totalco, el pasado jueves. El adulto mayor es uno de los campesinos que protestaban [&hellip;]<\/p>\n","protected":false},"author":2476,"featured_media":55955,"comment_status":"open","ping_status":"open","sticky":false,"template":"","format":"standard","meta":{"_jetpack_memberships_contains_paid_content":false,"footnotes":""},"categories":[2],"tags":[],"class_list":["post-55954","post","type-post","status-publish","format-standard","has-post-thumbnail","hentry","category-estado"],"jetpack_featured_media_url":"https:\/\/encuentroinformativo.com.mx\/wp-content\/uploads\/2024\/06\/IMG_9640.jpg","jetpack_sharing_enabled":true,"jetpack_likes_enabled":true,"amp_enabled":true,"_links":{"self":[{"href":"https:\/\/encuentroinformativo.com.mx\/index.php?rest_route=\/wp\/v2\/posts\/55954","targetHints":{"allow":["GET"]}}],"collection":[{"href":"https:\/\/encuentroinformativo.com.mx\/index.php?rest_route=\/wp\/v2\/posts"}],"about":[{"href":"https:\/\/encuentroinformativo.com.mx\/index.php?rest_route=\/wp\/v2\/types\/post"}],"author":[{"embeddable":true,"href":"https:\/\/encuentroinformativo.com.mx\/index.php?rest_route=\/wp\/v2\/users\/2476"}],"replies":[{"embeddable":true,"href":"https:\/\/encuentroinformativo.com.mx\/index.php?rest_route=%2Fwp%2Fv2%2Fcomments&post=55954"}],"version-history":[{"count":1,"href":"https:\/\/encuentroinformativo.com.mx\/index.php?rest_route=\/wp\/v2\/posts\/55954\/revisions"}],"predecessor-version":[{"id":55956,"href":"https:\/\/encuentroinformativo.com.mx\/index.php?rest_route=\/wp\/v2\/posts\/55954\/revisions\/55956"}],"wp:featuredmedia":[{"embeddable":true,"href":"https:\/\/encuentroinformativo.com.mx\/index.php?rest_route=\/wp\/v2\/media\/55955"}],"wp:attachment":[{"href":"https:\/\/encuentroinformativo.com.mx\/index.php?rest_route=%2Fwp%2Fv2%2Fmedia&parent=55954"}],"wp:term":[{"taxonomy":"category","embeddable":true,"href":"https:\/\/encuentroinformativo.com.mx\/index.php?rest_route=%2Fwp%2Fv2%2Fcategories&post=55954"},{"taxonomy":"post_tag","embeddable":true,"href":"https:\/\/encuentroinformativo.com.mx\/index.php?rest_route=%2Fwp%2Fv2%2Ftags&post=55954"}],"curies":[{"name":"wp","href":"https:\/\/api.w.org\/{rel}","templated":true}]}}