{"id":55957,"date":"2024-06-23T15:15:01","date_gmt":"2024-06-23T21:15:01","guid":{"rendered":"https:\/\/encuentroinformativo.com.mx\/?p=55957"},"modified":"2024-06-23T15:15:07","modified_gmt":"2024-06-23T21:15:07","slug":"persisten-casos-de-desaparicion-de-mujeres-en-veracruz","status":"publish","type":"post","link":"https:\/\/encuentroinformativo.com.mx\/?p=55957","title":{"rendered":"Persisten casos de desaparici\u00f3n de mujeres en Veracruz"},"content":{"rendered":"\n<p><strong>Juan Arcos <\/strong><\/p>\n\n\n\n<p>Xalapa, Ver.- Solo de enero a abril de este a\u00f1o hay reporte de 233 desapariciones de mujeres en el estado de Veracruz, dieron a conocer las cifras del Observatorio Universitario de Violencias Contra las Mujeres.<\/p>\n\n\n\n<p>Los casos han aumentado cada mes en la entidad veracruzana, seg\u00fan los datos que recaban especialistas de la Universidad Veracruzana (UV).<\/p>\n\n\n\n<p>En enero se registraron 39 desapariciones de mujeres, 61 en febrero, 57 en marzo y 76 en abril de este 2024.<\/p>\n\n\n\n<p>El mayor n\u00famero de casos se registr\u00f3 en la zona central del estado con 140 reportes, le siguen la regi\u00f3n norte con 53 casos y despu\u00e9s la regi\u00f3n sur con 40 desapariciones de mujeres.<\/p>\n\n\n\n<p>El puerto de Veracruz y Xalapa son los municipios que ocupan el primero y segundo lugar, con 27 y 24 casos, respectivamente.<\/p>\n\n\n\n<p>Le siguen Poza Rica de Hidalgo con 14 casos, Coatzacoalcos con 12, Tihuatl\u00e1n con ocho y Orizaba con siete.<\/p>\n\n\n\n<p>La mayor\u00eda de las v\u00edctimas en el estado de Veracruz son mujeres adultas y menores, con 116 y 110 casos, respectivamente.<\/p>\n\n\n\n<p>Los colectivos de familiares de desaparecidos sostienen que contin\u00faan ocurriendo casos en las diversas regiones del estado de Veracruz y piden al gobierno m\u00e1s presupuesto para agilizar las b\u00fasquedas.<\/p>\n","protected":false},"excerpt":{"rendered":"<p>Juan Arcos Xalapa, Ver.- Solo de enero a abril de este a\u00f1o hay reporte de 233 desapariciones de mujeres en el estado de Veracruz, dieron a conocer las cifras del Observatorio Universitario de Violencias Contra las Mujeres. Los casos han aumentado cada mes en la entidad veracruzana, seg\u00fan los datos que recaban especialistas de la [&hellip;]<\/p>\n","protected":false},"author":2476,"featured_media":55958,"comment_status":"open","ping_status":"open","sticky":false,"template":"","format":"standard","meta":{"_jetpack_memberships_contains_paid_content":false,"footnotes":""},"categories":[2],"tags":[],"class_list":["post-55957","post","type-post","status-publish","format-standard","has-post-thumbnail","hentry","category-estado"],"jetpack_featured_media_url":"https:\/\/encuentroinformativo.com.mx\/wp-content\/uploads\/2024\/06\/IMG_3194.jpg","jetpack_sharing_enabled":true,"jetpack_likes_enabled":true,"amp_enabled":true,"_links":{"self":[{"href":"https:\/\/encuentroinformativo.com.mx\/index.php?rest_route=\/wp\/v2\/posts\/55957","targetHints":{"allow":["GET"]}}],"collection":[{"href":"https:\/\/encuentroinformativo.com.mx\/index.php?rest_route=\/wp\/v2\/posts"}],"about":[{"href":"https:\/\/encuentroinformativo.com.mx\/index.php?rest_route=\/wp\/v2\/types\/post"}],"author":[{"embeddable":true,"href":"https:\/\/encuentroinformativo.com.mx\/index.php?rest_route=\/wp\/v2\/users\/2476"}],"replies":[{"embeddable":true,"href":"https:\/\/encuentroinformativo.com.mx\/index.php?rest_route=%2Fwp%2Fv2%2Fcomments&post=55957"}],"version-history":[{"count":1,"href":"https:\/\/encuentroinformativo.com.mx\/index.php?rest_route=\/wp\/v2\/posts\/55957\/revisions"}],"predecessor-version":[{"id":55959,"href":"https:\/\/encuentroinformativo.com.mx\/index.php?rest_route=\/wp\/v2\/posts\/55957\/revisions\/55959"}],"wp:featuredmedia":[{"embeddable":true,"href":"https:\/\/encuentroinformativo.com.mx\/index.php?rest_route=\/wp\/v2\/media\/55958"}],"wp:attachment":[{"href":"https:\/\/encuentroinformativo.com.mx\/index.php?rest_route=%2Fwp%2Fv2%2Fmedia&parent=55957"}],"wp:term":[{"taxonomy":"category","embeddable":true,"href":"https:\/\/encuentroinformativo.com.mx\/index.php?rest_route=%2Fwp%2Fv2%2Fcategories&post=55957"},{"taxonomy":"post_tag","embeddable":true,"href":"https:\/\/encuentroinformativo.com.mx\/index.php?rest_route=%2Fwp%2Fv2%2Ftags&post=55957"}],"curies":[{"name":"wp","href":"https:\/\/api.w.org\/{rel}","templated":true}]}}