{"id":55972,"date":"2024-06-24T10:50:06","date_gmt":"2024-06-24T16:50:06","guid":{"rendered":"https:\/\/encuentroinformativo.com.mx\/?p=55972"},"modified":"2024-06-24T10:50:12","modified_gmt":"2024-06-24T16:50:12","slug":"tras-caso-totalco-desaparece-gobierno-a-la-fuerza-civil","status":"publish","type":"post","link":"https:\/\/encuentroinformativo.com.mx\/?p=55972","title":{"rendered":"Tras caso Totalco, desaparece Gobierno a la Fuerza Civil"},"content":{"rendered":"\n<p><strong>Redacci\u00f3n<\/strong><\/p>\n\n\n\n<p>Xalapa, Ver.- Tras el enfrentamiento suscitado en la localidad de Totalco, municipio de Perote donde dos personas perdieron la vida tras participar en manifestaciones, autoridades del Gobierno del Estado dieron a conocer la desaparici\u00f3n de la corporaci\u00f3n de la Fuerza Civil de la Secretar\u00eda de Seguridad P\u00fablica (SSP).<\/p>\n\n\n\n<p>A trav\u00e9s de redes sociales el gobernador Cuitl\u00e1huac Garc\u00eda Jim\u00e9nez comparti\u00f3 el comunicado emitido desde la cuenta de la Secretar\u00eda de Gobierno y en el cual se precisa:<\/p>\n\n\n\n<p>\u201cEste Gobierno anuncia la desaparici\u00f3n de la corporaci\u00f3n de Fuerza Civil como direcci\u00f3n operativa. Por lo que se ha instruido iniciar el proceso de su extinci\u00f3n y se obtenga de esta manera un mando \u00fanico operativo en una sola Direcci\u00f3n dependiente directamente de la Subsecretar\u00eda de Operaciones dentro de la SSP\u201d.<\/p>\n\n\n\n<p>\u201cEsta medida ser\u00e1 llevada a cabo en los tiempos que no interfieran en las investigaciones que las fiscal\u00edas realizan actualmente. Cabe se\u00f1alar que los derechos policiales de los elementos, as\u00ed como los laborales del personal administrativo, se preservar\u00e1n\u201d.<\/p>\n\n\n\n<p>Al tiempo que se\u00f1ala se seguir\u00e1n realizando las investigaciones correspondientes para esclarecer los hechos suscitados en Totalco, aunado a que ya exist\u00edan sanciones previas hacia la empresa Granjas Carrol.<\/p>\n\n\n\n<p>\u201cEl Gobierno de Estado de Veracruz reitera que reconoce la importancia de que se esclarezcan por completo los hechos en las inmediaciones de Totalco el jueves pasado. Somos los m\u00e1s interesados en ello y que se proceda con justicia tal como lo hemos expresado anteriormente siendo exclusivamente las fiscal\u00edas las que determinen lo conducente\u201d.<\/p>\n\n\n\n<p>\u201cPor otro lado, se informa que en fecha primero de marzo de 2023 se dict\u00f3 una resoluci\u00f3n administrativa por parte de la Procuradur\u00eda del Medio Ambiente en contra de Granjas Carroll por diversos incumplimientos en materia ambiental; se sancion\u00f3 y se dictaron medidas para evitar la contaminaci\u00f3n del suelo, aire y agua\u201d.<\/p>\n\n\n\n<p>Ante lo cual el comunicado precisa que las autoridades comenzar\u00e1n a verificar si hubo o no cumplimiento de las medidas recomendatorias en su momento.<\/p>\n\n\n\n<p>Cabe recordar que durante la protestas efectuadas la semana pasada dos j\u00f3venes perdieron la vida dejando en la orfandad a seis menores, por lo que la familia reclama justicia ante los lamentables hechos.<\/p>\n","protected":false},"excerpt":{"rendered":"<p>Redacci\u00f3n Xalapa, Ver.- Tras el enfrentamiento suscitado en la localidad de Totalco, municipio de Perote donde dos personas perdieron la vida tras participar en manifestaciones, autoridades del Gobierno del Estado dieron a conocer la desaparici\u00f3n de la corporaci\u00f3n de la Fuerza Civil de la Secretar\u00eda de Seguridad P\u00fablica (SSP). A trav\u00e9s de redes sociales el [&hellip;]<\/p>\n","protected":false},"author":2476,"featured_media":24437,"comment_status":"open","ping_status":"open","sticky":false,"template":"","format":"standard","meta":{"_jetpack_memberships_contains_paid_content":false,"footnotes":""},"categories":[2],"tags":[],"class_list":["post-55972","post","type-post","status-publish","format-standard","has-post-thumbnail","hentry","category-estado"],"jetpack_featured_media_url":"https:\/\/encuentroinformativo.com.mx\/wp-content\/uploads\/2022\/03\/B90A4CD4-DC12-4741-B2BD-E1446A3A2E96.jpeg","jetpack_sharing_enabled":true,"jetpack_likes_enabled":true,"amp_enabled":true,"_links":{"self":[{"href":"https:\/\/encuentroinformativo.com.mx\/index.php?rest_route=\/wp\/v2\/posts\/55972","targetHints":{"allow":["GET"]}}],"collection":[{"href":"https:\/\/encuentroinformativo.com.mx\/index.php?rest_route=\/wp\/v2\/posts"}],"about":[{"href":"https:\/\/encuentroinformativo.com.mx\/index.php?rest_route=\/wp\/v2\/types\/post"}],"author":[{"embeddable":true,"href":"https:\/\/encuentroinformativo.com.mx\/index.php?rest_route=\/wp\/v2\/users\/2476"}],"replies":[{"embeddable":true,"href":"https:\/\/encuentroinformativo.com.mx\/index.php?rest_route=%2Fwp%2Fv2%2Fcomments&post=55972"}],"version-history":[{"count":1,"href":"https:\/\/encuentroinformativo.com.mx\/index.php?rest_route=\/wp\/v2\/posts\/55972\/revisions"}],"predecessor-version":[{"id":55973,"href":"https:\/\/encuentroinformativo.com.mx\/index.php?rest_route=\/wp\/v2\/posts\/55972\/revisions\/55973"}],"wp:featuredmedia":[{"embeddable":true,"href":"https:\/\/encuentroinformativo.com.mx\/index.php?rest_route=\/wp\/v2\/media\/24437"}],"wp:attachment":[{"href":"https:\/\/encuentroinformativo.com.mx\/index.php?rest_route=%2Fwp%2Fv2%2Fmedia&parent=55972"}],"wp:term":[{"taxonomy":"category","embeddable":true,"href":"https:\/\/encuentroinformativo.com.mx\/index.php?rest_route=%2Fwp%2Fv2%2Fcategories&post=55972"},{"taxonomy":"post_tag","embeddable":true,"href":"https:\/\/encuentroinformativo.com.mx\/index.php?rest_route=%2Fwp%2Fv2%2Ftags&post=55972"}],"curies":[{"name":"wp","href":"https:\/\/api.w.org\/{rel}","templated":true}]}}