{"id":55974,"date":"2024-06-24T11:48:36","date_gmt":"2024-06-24T17:48:36","guid":{"rendered":"https:\/\/encuentroinformativo.com.mx\/?p=55974"},"modified":"2024-06-24T11:48:41","modified_gmt":"2024-06-24T17:48:41","slug":"acusa-docente-presunto-trato-discriminatorio-de-juez","status":"publish","type":"post","link":"https:\/\/encuentroinformativo.com.mx\/?p=55974","title":{"rendered":"Acusa docente presunto trato discriminatorio de juez"},"content":{"rendered":"\n<p><strong>Dar\u00edo Pale <\/strong><\/p>\n\n\n\n<p>Xalapa, Ver.- Denuncian p\u00fablicamente que el juez federal d\u00e9cimo octavo de Distrito presuntamente fue c\u00f3mplice de su jefe inmediato, el director de la Telesecundaria &#8220;Benito Ju\u00e1rez Garc\u00eda&#8221; de Xico, a quien denunci\u00f3 de hostigamiento sexual, acciones discriminatorias y acoso laboral, as\u00ed lo denunci\u00f3 la maestra Yadira Romero L\u00f3pez Yadira.<\/p>\n\n\n\n<p>En conferencia de prensa, dio a conocer que la semana pasada se llev\u00f3 a cabo la audiencia en la que se presentaron las pruebas y testimoniales sobre los actos de violencia de los que supuestamente fue v\u00edctima de parte de su jefe inmediato, por lo que pidi\u00f3 que el gobernador Cuitl\u00e1huac Garc\u00eda Jim\u00e9nez y la presidenta del Poder Judicial de Veracruz Lizbeth Aurelia Jim\u00e9nez Aguirre la atiendan de manera directa.<\/p>\n\n\n\n<p>La docente record\u00f3 que renunci\u00f3 a su espacio de trabajo el pasado 28 de mayo, despu\u00e9s de laborar 14 a\u00f1os, pues la situaci\u00f3n que viv\u00eda era insostenible desde el 2021, cuando el docente que acusa fue nombrado como director de la escuela Telesecundaria \u201cBenito Ju\u00e1rez Garc\u00eda\u201d.<\/p>\n\n\n\n<p>\u201cExijo un proceso sin corrupci\u00f3n, solicito cambio de juez y aplicaci\u00f3n de perspectiva de g\u00e9nero, ya que en la audiencia hubo romantizaci\u00f3n del violentador y sexualizaci\u00f3n de la v\u00edctima, seg\u00fan el juez si el denunciado quiere andar contigo o te ama no es acoso, aunque haya destruido tu estabilidad laboral y emocional, aunque denigre tu persona a base de rumores que buscan tu desprestigio, a criterio del juez&#8221;, se\u00f1al\u00f3.<\/p>\n\n\n\n<p>&#8220;La resoluci\u00f3n de no imputar a Emmanuel \u201cN\u201d se basa en que s\u00f3lo me hizo una invitaci\u00f3n a pasarla bien, con la intenci\u00f3n de tener una relaci\u00f3n sentimental, un noviazgo y, seg\u00fan el juez, este tipo de peticiones no obligan a la v\u00edctima a tener relaciones sexuales\u201d, agreg\u00f3.<\/p>\n\n\n\n<p>Asimismo, detall\u00f3 que el juez el acusado no mencion\u00f3 la palabra \u201csexo\u201d, por lo que no hay lascivia, \u201cconsidera que la petici\u00f3n del denunciado fue sentimental y no sexual, por lo que no merece un proceso judicial, s\u00f3lo falt\u00f3 que dijera que me hac\u00eda un favor al fijarse en mi\u201d.<\/p>\n\n\n\n<p>\u201cEsta es una aberraci\u00f3n judicial y una burla para mi y para todas las v\u00edctimas de este tipo de atropellos, pues maliciosamente se busca romantizar al violentador, disfraz\u00e1ndolo de sentimiento que no tiene hacia la v\u00edctima, s\u00f3lo para intentar justificar su conducta lasciva, mientras, en consecuencia, se incita a considerar una exageraci\u00f3n la denuncia de la v\u00edctima, coloc\u00e1ndola en un estado de indefensi\u00f3n y vulnerabilidad social\u201d, expres\u00f3.<\/p>\n\n\n\n<p>Record\u00f3 que el acusado es una persona casada, mayor en edad que ella y con un rango superior en el \u00e1mbito laboral, quien el mismo d\u00eda que la conoci\u00f3 le solicit\u00f3 tener un acercamiento f\u00edsico.<\/p>\n\n\n\n<p>\u201cUno de los elementos en los que se basan el juez y la defensa del acusado es que nadie vio y aunque reconocen la realizaci\u00f3n oculta del delito, faltan los testimoniales de la denuncia, pero los documentos y testimonios que se presentaron fueron datos de prueba de las acciones de los distintos actos de violencia, que derivaron represalias a partir del rechazo a Emmanuel \u201cN\u201d, el juez consider\u00f3 utiliz\u00f3 de manera equivocada el tema de la perspectiva de g\u00e9nero y dijo que s\u00f3lo sucedi\u00f3 una vez\u201d, coment\u00f3.<\/p>\n\n\n\n<p>Adem\u00e1s, se se\u00f1al\u00f3 que el peritaje elaborado por personal de la Fiscal\u00eda General del Estado no identificaba si ten\u00eda \u201calteraci\u00f3n por los hechos denunciados o por otros porque a \u00e9l no le constaba\u201d.<\/p>\n\n\n\n<p>\u201cEl juez es ejemplo de la corrupci\u00f3n que impera en el sistema judicial, ya que no es inveros\u00edmil que tuvo una reuni\u00f3n con la defensa del denunciado, pero, adem\u00e1s, con una resoluci\u00f3n mis\u00f3gina y claramente revictimizante al utilizar la perspectiva de g\u00e9nero de manera inadecuada, con una exagerada justificaci\u00f3n de los actos del denunciante, a quien le falta poco para jubilarse y, desde luego, que est\u00e1 haciendo todo para salir bien librado y el juez le ayud\u00f3\u201d, dijo en la conferencia.<\/p>\n\n\n\n<p>\u201cDej\u00e9 mi trabajo, me hicieron abandonarlo, para no ser v\u00edctimas del sistema yo lo abandon\u00e9, siendo madre de familia, en la audiencia se realiz\u00f3 la grabaci\u00f3n con un equipo externo, a m\u00ed me pusieron en un cuarto externo, pero no cont\u00e1bamos con audio, no con video, fue claro que hubo un acuerdo\u201d, manifest\u00f3.<\/p>\n\n\n\n<p>Finalmente, dej\u00f3 en claro que ya present\u00f3 una queja ante la Comisi\u00f3n Estatal de Derechos Humanos y solicit\u00f3 medidas de protecci\u00f3n ante los hechos de hostigamiento.<\/p>\n","protected":false},"excerpt":{"rendered":"<p>Dar\u00edo Pale Xalapa, Ver.- Denuncian p\u00fablicamente que el juez federal d\u00e9cimo octavo de Distrito presuntamente fue c\u00f3mplice de su jefe inmediato, el director de la Telesecundaria &#8220;Benito Ju\u00e1rez Garc\u00eda&#8221; de Xico, a quien denunci\u00f3 de hostigamiento sexual, acciones discriminatorias y acoso laboral, as\u00ed lo denunci\u00f3 la maestra Yadira Romero L\u00f3pez Yadira. En conferencia de prensa, [&hellip;]<\/p>\n","protected":false},"author":2476,"featured_media":55975,"comment_status":"open","ping_status":"open","sticky":false,"template":"","format":"standard","meta":{"_jetpack_memberships_contains_paid_content":false,"footnotes":""},"categories":[8],"tags":[],"class_list":["post-55974","post","type-post","status-publish","format-standard","has-post-thumbnail","hentry","category-region"],"jetpack_featured_media_url":"https:\/\/encuentroinformativo.com.mx\/wp-content\/uploads\/2024\/06\/IMG-20240624-WA0035.jpg","jetpack_sharing_enabled":true,"jetpack_likes_enabled":true,"amp_enabled":true,"_links":{"self":[{"href":"https:\/\/encuentroinformativo.com.mx\/index.php?rest_route=\/wp\/v2\/posts\/55974","targetHints":{"allow":["GET"]}}],"collection":[{"href":"https:\/\/encuentroinformativo.com.mx\/index.php?rest_route=\/wp\/v2\/posts"}],"about":[{"href":"https:\/\/encuentroinformativo.com.mx\/index.php?rest_route=\/wp\/v2\/types\/post"}],"author":[{"embeddable":true,"href":"https:\/\/encuentroinformativo.com.mx\/index.php?rest_route=\/wp\/v2\/users\/2476"}],"replies":[{"embeddable":true,"href":"https:\/\/encuentroinformativo.com.mx\/index.php?rest_route=%2Fwp%2Fv2%2Fcomments&post=55974"}],"version-history":[{"count":1,"href":"https:\/\/encuentroinformativo.com.mx\/index.php?rest_route=\/wp\/v2\/posts\/55974\/revisions"}],"predecessor-version":[{"id":55976,"href":"https:\/\/encuentroinformativo.com.mx\/index.php?rest_route=\/wp\/v2\/posts\/55974\/revisions\/55976"}],"wp:featuredmedia":[{"embeddable":true,"href":"https:\/\/encuentroinformativo.com.mx\/index.php?rest_route=\/wp\/v2\/media\/55975"}],"wp:attachment":[{"href":"https:\/\/encuentroinformativo.com.mx\/index.php?rest_route=%2Fwp%2Fv2%2Fmedia&parent=55974"}],"wp:term":[{"taxonomy":"category","embeddable":true,"href":"https:\/\/encuentroinformativo.com.mx\/index.php?rest_route=%2Fwp%2Fv2%2Fcategories&post=55974"},{"taxonomy":"post_tag","embeddable":true,"href":"https:\/\/encuentroinformativo.com.mx\/index.php?rest_route=%2Fwp%2Fv2%2Ftags&post=55974"}],"curies":[{"name":"wp","href":"https:\/\/api.w.org\/{rel}","templated":true}]}}