{"id":5598,"date":"2020-09-07T09:39:18","date_gmt":"2020-09-07T14:39:18","guid":{"rendered":"https:\/\/encuentroinformativo.com\/?p=5598"},"modified":"2020-09-07T09:39:21","modified_gmt":"2020-09-07T14:39:21","slug":"tampoco-le-creo","status":"publish","type":"post","link":"https:\/\/encuentroinformativo.com.mx\/?p=5598","title":{"rendered":"Tampoco le creo&#8230;"},"content":{"rendered":"\n<p><strong>Los Pol\u00edticos<\/strong><\/p>\n\n\n\n<p><strong>Salvador Mu\u00f1oz<\/strong><\/p>\n\n\n\n<p>\u201cTe digo como amigo&#8230; esa nota es una cortina de humo\u201d, fue el comentario que me llegaba desde la Cuenca del Papaloapan. Hab\u00edan dejado pasar unos momentos, los justos para que leyera la nota que me enviaron para dictar su sentencia\u2026 \u201cuna cortina de humo\u2026\u201d; eso fue el jueves por la noche.<\/p>\n\n\n\n<p>El viernes, temprano, un comentario, respecto al mismo caso: \u201cde alguna manera no hay presi\u00f3n social para aclarar, el tiempo en lo cual se interpone el tema electoral es evidente\u2026\u201d<\/p>\n\n\n\n<p>Y el mismo d\u00eda, uno m\u00e1s, pero ahora respecto al trabajo de las autoridades encargadas de la investigaci\u00f3n: \u201cNo dijeron nada&#8230; guardaron silencio\u2026\u201d<\/p>\n\n\n\n<p>Todav\u00eda hoy domingo, otro amigo mandaba el siguiente comentario: \u201cSer\u00e1 hasta el pr\u00f3ximo mi\u00e9rcoles cuando la Fiscal\u00eda General del Estado emita informaci\u00f3n oficial sobre la detenci\u00f3n y vinculaci\u00f3n a proceso del presunto autor intelectual del homicidio del diputado local Juan Carlos Molina Palacios. Itiel N ser\u00e1 presentado ante un juez y ser\u00e1 vinculado a proceso, seg\u00fan nos fue confiado por funcionarios de la propia instituci\u00f3n\u2026\u201d<\/p>\n\n\n\n<p>II<\/p>\n\n\n\n<p>Es posible que la detenci\u00f3n del Compa Playas debiera ser para las autoridades un \u201chitazo\u201d, un \u201cgolpe al hampa\u201d, y lo que deb\u00eda tratarse con campanas al vuelo, aventando \u201ccuetes\u201d, haciendo alharaca, simplemente se convirti\u00f3 en un mutis sospechoso\u2026 \u00bfpor qu\u00e9 guardar silencio en la Fiscal\u00eda, en el Gobierno estatal o hasta en el Congreso?<\/p>\n\n\n\n<p>Sin lugar a dudas, el nueve de noviembre del a\u00f1o pasado, Veracruz se sacudi\u00f3 de pies a cabeza con el asesinato del diputado Juan Carlos Molina Palacios, considerado por muchos, no s\u00f3lo un l\u00edder pol\u00edtico, regional, sino incluso, al interior de la Legislatura, un hombre capaz de unir a PAN, Morena, PRI, MC y dem\u00e1s partidos en su cub\u00edculo, amigo de todos\u2026 \u00a1vamos! en un caso como \u00e9ste, que sacudi\u00f3 a Veracruz, la detenci\u00f3n de Itiel N no tiene ni un \u201cpero\u201d\u2026 sin embargo, el resto, el silencio del Gobierno, de la Fiscal\u00eda, hay algo que no encaja&#8230;<\/p>\n\n\n\n<p>III<\/p>\n\n\n\n<p>\u00bfPor qu\u00e9 el silencio del Gobernador? \u00bfpor qu\u00e9 no felicitar a la Fiscal por ser parte de \u201cese logro\u201d que pocos en la entidad presumen en redes?<\/p>\n\n\n\n<p>\u00a1Cu\u00e1ntas veces el Gobierno estatal se pavone\u00f3 con la Fiscal diciendo que ahora s\u00ed ya hab\u00eda justicia! con este lunes, cuatro d\u00edas de la detenci\u00f3n de quien llaman \u201cel autor intelectual\u201d del homicidio de Molina Palacios y ni quien diga \u201cp\u00edo\u201d, salvo por all\u00ed algunos medios que manejaron la informaci\u00f3n, pero de la Fiscal\u00eda, \u00a1nada! cual papa caliente\u2026 \u00e9sa que nadie quiere tocar\u2026 ni el PRI, que no se sabe si su silencio es incredulidad\u2026 \u00bfo qu\u00e9?<\/p>\n\n\n\n<p>Si es cierta esa versi\u00f3n de que el mi\u00e9rcoles hablar\u00e1 la Fiscal\u00eda en torno a este caso, es decir, casi una semana despu\u00e9s de que fuera detenido el Compa Playas, igual no deja de empa\u00f1ar m\u00e1s este silencio\u2026 al final, sepa lo que vaya o no a decir la Fiscal; sepa si el Gobernador por fin hablar\u00e1; sepa si el Congreso d\u00e9 su posici\u00f3n, vuelvo al jueves por la noche y mi posici\u00f3n es tan similar a la que asum\u00ed con los amigos que por este caso me preguntaron: \u201cyo tampoco le creo a la Fiscal\u00eda\u2026\u201d<br><\/p>\n\n\n\n<p><a href=\"mailto:smcainito@gmail.com\" target=\"_blank\" rel=\"noreferrer noopener\">smcainito@gmail.com<\/a><\/p>\n\n\n\n<p><\/p>\n","protected":false},"excerpt":{"rendered":"<p>Los Pol\u00edticos Salvador Mu\u00f1oz \u201cTe digo como amigo&#8230; esa nota es una cortina de humo\u201d, fue el comentario que me llegaba desde la Cuenca del Papaloapan. Hab\u00edan dejado pasar unos momentos, los justos para que leyera la nota que me enviaron para dictar su sentencia\u2026 \u201cuna cortina de humo\u2026\u201d; eso fue el jueves por la [&hellip;]<\/p>\n","protected":false},"author":1,"featured_media":387,"comment_status":"open","ping_status":"open","sticky":false,"template":"","format":"standard","meta":{"_jetpack_memberships_contains_paid_content":false,"footnotes":""},"categories":[11],"tags":[],"class_list":["post-5598","post","type-post","status-publish","format-standard","has-post-thumbnail","hentry","category-opinion"],"jetpack_featured_media_url":"https:\/\/encuentroinformativo.com.mx\/wp-content\/uploads\/2020\/03\/7CF8A22B-2764-47BE-8F7F-38FE9E5D6A2F.jpeg","jetpack_sharing_enabled":true,"jetpack_likes_enabled":true,"amp_enabled":true,"_links":{"self":[{"href":"https:\/\/encuentroinformativo.com.mx\/index.php?rest_route=\/wp\/v2\/posts\/5598","targetHints":{"allow":["GET"]}}],"collection":[{"href":"https:\/\/encuentroinformativo.com.mx\/index.php?rest_route=\/wp\/v2\/posts"}],"about":[{"href":"https:\/\/encuentroinformativo.com.mx\/index.php?rest_route=\/wp\/v2\/types\/post"}],"author":[{"embeddable":true,"href":"https:\/\/encuentroinformativo.com.mx\/index.php?rest_route=\/wp\/v2\/users\/1"}],"replies":[{"embeddable":true,"href":"https:\/\/encuentroinformativo.com.mx\/index.php?rest_route=%2Fwp%2Fv2%2Fcomments&post=5598"}],"version-history":[{"count":1,"href":"https:\/\/encuentroinformativo.com.mx\/index.php?rest_route=\/wp\/v2\/posts\/5598\/revisions"}],"predecessor-version":[{"id":5599,"href":"https:\/\/encuentroinformativo.com.mx\/index.php?rest_route=\/wp\/v2\/posts\/5598\/revisions\/5599"}],"wp:featuredmedia":[{"embeddable":true,"href":"https:\/\/encuentroinformativo.com.mx\/index.php?rest_route=\/wp\/v2\/media\/387"}],"wp:attachment":[{"href":"https:\/\/encuentroinformativo.com.mx\/index.php?rest_route=%2Fwp%2Fv2%2Fmedia&parent=5598"}],"wp:term":[{"taxonomy":"category","embeddable":true,"href":"https:\/\/encuentroinformativo.com.mx\/index.php?rest_route=%2Fwp%2Fv2%2Fcategories&post=5598"},{"taxonomy":"post_tag","embeddable":true,"href":"https:\/\/encuentroinformativo.com.mx\/index.php?rest_route=%2Fwp%2Fv2%2Ftags&post=5598"}],"curies":[{"name":"wp","href":"https:\/\/api.w.org\/{rel}","templated":true}]}}