{"id":55993,"date":"2024-06-24T14:00:46","date_gmt":"2024-06-24T20:00:46","guid":{"rendered":"https:\/\/encuentroinformativo.com.mx\/?p=55993"},"modified":"2024-06-24T14:00:51","modified_gmt":"2024-06-24T20:00:51","slug":"reportan-afectaciones-en-localidades-de-emiliano-zapata","status":"publish","type":"post","link":"https:\/\/encuentroinformativo.com.mx\/?p=55993","title":{"rendered":"Reportan afectaciones en localidades de Emiliano Zapata"},"content":{"rendered":"\n<p><strong>Dar\u00edo Pale <\/strong><\/p>\n\n\n\n<p>Xalapa, Ver.- Debido a las fuertes lluvias que se han presentado en estos d\u00edas, en el municipio de Emiliano Zapata pobladores reportaron varias afectaciones, principalmente en la localidad de Plan del R\u00edo.<\/p>\n\n\n\n<p>Y es que el aguacero provoc\u00f3 una corriente de agua que inund\u00f3 comercios y casas de la localidad, mientras que la Unidad Deportiva Las Bugambilias tambi\u00e9n present\u00f3 da\u00f1os en su estructura.<\/p>\n\n\n\n<p>El alcalde, Erick Ruiz, inform\u00f3 que hay varios reportes de afectaciones en la mayor\u00eda de las comunidades, sin embargo una de las m\u00e1s afectadas es Plan del R\u00edo.<\/p>\n\n\n\n<p>A trav\u00e9s de sus redes sociales, dijo que se habilit\u00f3 un refugio temporal en la Escuela Primaria de dicha localidad.<\/p>\n\n\n\n<p>Agreg\u00f3 que se habilitaron dos \u00a0Centros de Acopio, uno en el Palacio Municipal en Dos R\u00edos y otro en el Centro Integrador en el Fraccionamiento Bugambilias de la Congregaci\u00f3n de Jacarandas, en horario de las 9:00 a las 17:00 horas.<\/p>\n\n\n\n<p>Finalmente coment\u00f3 que se requieren colchonetas, agua embotellada, papel higi\u00e9nico, comida enlatada y productos de higiene personal.<\/p>\n","protected":false},"excerpt":{"rendered":"<p>Dar\u00edo Pale Xalapa, Ver.- Debido a las fuertes lluvias que se han presentado en estos d\u00edas, en el municipio de Emiliano Zapata pobladores reportaron varias afectaciones, principalmente en la localidad de Plan del R\u00edo. Y es que el aguacero provoc\u00f3 una corriente de agua que inund\u00f3 comercios y casas de la localidad, mientras que la [&hellip;]<\/p>\n","protected":false},"author":2476,"featured_media":55994,"comment_status":"open","ping_status":"open","sticky":false,"template":"","format":"standard","meta":{"_jetpack_memberships_contains_paid_content":false,"footnotes":""},"categories":[8],"tags":[],"class_list":["post-55993","post","type-post","status-publish","format-standard","has-post-thumbnail","hentry","category-region"],"jetpack_featured_media_url":"https:\/\/encuentroinformativo.com.mx\/wp-content\/uploads\/2024\/06\/IMG-20240624-WA0067.jpg","jetpack_sharing_enabled":true,"jetpack_likes_enabled":true,"amp_enabled":true,"_links":{"self":[{"href":"https:\/\/encuentroinformativo.com.mx\/index.php?rest_route=\/wp\/v2\/posts\/55993","targetHints":{"allow":["GET"]}}],"collection":[{"href":"https:\/\/encuentroinformativo.com.mx\/index.php?rest_route=\/wp\/v2\/posts"}],"about":[{"href":"https:\/\/encuentroinformativo.com.mx\/index.php?rest_route=\/wp\/v2\/types\/post"}],"author":[{"embeddable":true,"href":"https:\/\/encuentroinformativo.com.mx\/index.php?rest_route=\/wp\/v2\/users\/2476"}],"replies":[{"embeddable":true,"href":"https:\/\/encuentroinformativo.com.mx\/index.php?rest_route=%2Fwp%2Fv2%2Fcomments&post=55993"}],"version-history":[{"count":1,"href":"https:\/\/encuentroinformativo.com.mx\/index.php?rest_route=\/wp\/v2\/posts\/55993\/revisions"}],"predecessor-version":[{"id":55995,"href":"https:\/\/encuentroinformativo.com.mx\/index.php?rest_route=\/wp\/v2\/posts\/55993\/revisions\/55995"}],"wp:featuredmedia":[{"embeddable":true,"href":"https:\/\/encuentroinformativo.com.mx\/index.php?rest_route=\/wp\/v2\/media\/55994"}],"wp:attachment":[{"href":"https:\/\/encuentroinformativo.com.mx\/index.php?rest_route=%2Fwp%2Fv2%2Fmedia&parent=55993"}],"wp:term":[{"taxonomy":"category","embeddable":true,"href":"https:\/\/encuentroinformativo.com.mx\/index.php?rest_route=%2Fwp%2Fv2%2Fcategories&post=55993"},{"taxonomy":"post_tag","embeddable":true,"href":"https:\/\/encuentroinformativo.com.mx\/index.php?rest_route=%2Fwp%2Fv2%2Ftags&post=55993"}],"curies":[{"name":"wp","href":"https:\/\/api.w.org\/{rel}","templated":true}]}}