{"id":55998,"date":"2024-06-24T14:15:40","date_gmt":"2024-06-24T20:15:40","guid":{"rendered":"https:\/\/encuentroinformativo.com.mx\/?p=55998"},"modified":"2024-06-24T14:15:45","modified_gmt":"2024-06-24T20:15:45","slug":"por-aumento-de-5-metros-proteccion-civil-de-medellin-de-bravo-monitorea-rio-jamapa","status":"publish","type":"post","link":"https:\/\/encuentroinformativo.com.mx\/?p=55998","title":{"rendered":"Por aumento de 5 metros Protecci\u00f3n Civil de Medell\u00edn de Bravo monitorea R\u00edo Jamapa"},"content":{"rendered":"\n<p><strong>Alejandro \u00c1vila<\/strong><\/p>\n\n\n\n<p>Medell\u00edn de Bravo, Ver.- La direcci\u00f3n de Protecci\u00f3n Civil del municipio de Medell\u00edn de Bravo inform\u00f3 que tras el aumento de 5 metros en el nivel del R\u00edo Jamapa se encuentran en constante monitoreo del afluente, debido a que contin\u00faan las lluvias en la zona monta\u00f1osa.<\/p>\n\n\n\n<p>Ante esta situaci\u00f3n, el titular del \u00e1rea, Adri\u00e1n Mart\u00ednez, mencion\u00f3 que se han habilitado 10 albergues de forma preventiva por si en alg\u00fan momento existe la necesidad de evacuar y colocar a los ciudadanos en estos sitios.<\/p>\n\n\n\n<p>El nivel del r\u00edo Jamapa se mantiene actualmente en 2.5 metros a la altura de El Tejar.<\/p>\n\n\n\n<p>\u201cHoy en la ma\u00f1ana representaba un nivel del 80 por ciento, lo m\u00e1s importante que quede claro que el agua fluye estamos pendientes de alg\u00fan posible tap\u00f3n, palizada, basura, pero toda el agua est\u00e1 circulando. Ha llegado a una escala que puede pensar que est\u00e1n las personas preocupadas, pero tiene 80 por ciento de su capacidad\u201d, dijo.<\/p>\n\n\n\n<p>Comunidades como \u201cLa Esperanza\u201d y \u201cPaso del Toro\u201d son de las que est\u00e1n vulnerables al desbordamiento de este afluente.<\/p>\n\n\n\n<p>\u201cLa Esperanza, desde Celaya que es donde inicia el municipio esa cuenquita es la que puede resultar afectada en caso de que desborde el d\u00eda. Son 10 en cada localidad y tenemos comunicaci\u00f3n por grupos de chat\u201d.<\/p>\n\n\n\n<p>Cabe recordar que adem\u00e1s del Jamapa, el r\u00edo Cotaxtla tambi\u00e9n impacta en comunidades de Medell\u00edn de Bravo.<\/p>\n","protected":false},"excerpt":{"rendered":"<p>Alejandro \u00c1vila Medell\u00edn de Bravo, Ver.- La direcci\u00f3n de Protecci\u00f3n Civil del municipio de Medell\u00edn de Bravo inform\u00f3 que tras el aumento de 5 metros en el nivel del R\u00edo Jamapa se encuentran en constante monitoreo del afluente, debido a que contin\u00faan las lluvias en la zona monta\u00f1osa. Ante esta situaci\u00f3n, el titular del \u00e1rea, [&hellip;]<\/p>\n","protected":false},"author":2476,"featured_media":55999,"comment_status":"open","ping_status":"open","sticky":false,"template":"","format":"standard","meta":{"_jetpack_memberships_contains_paid_content":false,"footnotes":""},"categories":[2],"tags":[],"class_list":["post-55998","post","type-post","status-publish","format-standard","has-post-thumbnail","hentry","category-estado"],"jetpack_featured_media_url":"https:\/\/encuentroinformativo.com.mx\/wp-content\/uploads\/2024\/06\/IMG-20240624-WA0081.jpg","jetpack_sharing_enabled":true,"jetpack_likes_enabled":true,"amp_enabled":true,"_links":{"self":[{"href":"https:\/\/encuentroinformativo.com.mx\/index.php?rest_route=\/wp\/v2\/posts\/55998","targetHints":{"allow":["GET"]}}],"collection":[{"href":"https:\/\/encuentroinformativo.com.mx\/index.php?rest_route=\/wp\/v2\/posts"}],"about":[{"href":"https:\/\/encuentroinformativo.com.mx\/index.php?rest_route=\/wp\/v2\/types\/post"}],"author":[{"embeddable":true,"href":"https:\/\/encuentroinformativo.com.mx\/index.php?rest_route=\/wp\/v2\/users\/2476"}],"replies":[{"embeddable":true,"href":"https:\/\/encuentroinformativo.com.mx\/index.php?rest_route=%2Fwp%2Fv2%2Fcomments&post=55998"}],"version-history":[{"count":1,"href":"https:\/\/encuentroinformativo.com.mx\/index.php?rest_route=\/wp\/v2\/posts\/55998\/revisions"}],"predecessor-version":[{"id":56000,"href":"https:\/\/encuentroinformativo.com.mx\/index.php?rest_route=\/wp\/v2\/posts\/55998\/revisions\/56000"}],"wp:featuredmedia":[{"embeddable":true,"href":"https:\/\/encuentroinformativo.com.mx\/index.php?rest_route=\/wp\/v2\/media\/55999"}],"wp:attachment":[{"href":"https:\/\/encuentroinformativo.com.mx\/index.php?rest_route=%2Fwp%2Fv2%2Fmedia&parent=55998"}],"wp:term":[{"taxonomy":"category","embeddable":true,"href":"https:\/\/encuentroinformativo.com.mx\/index.php?rest_route=%2Fwp%2Fv2%2Fcategories&post=55998"},{"taxonomy":"post_tag","embeddable":true,"href":"https:\/\/encuentroinformativo.com.mx\/index.php?rest_route=%2Fwp%2Fv2%2Ftags&post=55998"}],"curies":[{"name":"wp","href":"https:\/\/api.w.org\/{rel}","templated":true}]}}