{"id":56022,"date":"2024-06-24T16:36:32","date_gmt":"2024-06-24T22:36:32","guid":{"rendered":"https:\/\/encuentroinformativo.com.mx\/?p=56022"},"modified":"2024-06-24T16:36:37","modified_gmt":"2024-06-24T22:36:37","slug":"empeoran-baches-sobre-la-xalapa-veracruz","status":"publish","type":"post","link":"https:\/\/encuentroinformativo.com.mx\/?p=56022","title":{"rendered":"Empeoran baches sobre la Xalapa &#8211; Veracruz"},"content":{"rendered":"\n<p><strong>Juan Arcos<\/strong><\/p>\n\n\n\n<p>Xalapa, Ver.- Automovilistas que transitan por la autopista Xalapa-Veracruz denunciaron que el tramo carretero ubicado antes y despu\u00e9s de la caseta de la localidad Plan del R\u00edo presenta da\u00f1os severos que ponen en peligro a quienes transitan, sobre todo durante este temporal de lluvias.<\/p>\n\n\n\n<p>Fabiola Fern\u00e1ndez cont\u00f3 que circula por esta v\u00eda de comunicaci\u00f3n cada fin de semana para visitar a sus pap\u00e1s que radican en el puerto de Veracruz.<\/p>\n\n\n\n<p>Para llegar a su destino, decidi\u00f3 manejar por la mencionada carretera en horario donde a\u00fan se perciban los baches con gran profundidad.<\/p>\n\n\n\n<p>Detall\u00f3 que los tr\u00e1ileres tambi\u00e9n los esquivan y al llevar doble remolque, su carga tambi\u00e9n se mueve de manera brusca. Est\u00e1 acci\u00f3n la considera peligrosa porque al ir atr\u00e1s de la pesada unidad, teme que vuelque y golpe su veh\u00edculo o afecte a otra unidad que transite cerca.<\/p>\n\n\n\n<p>Record\u00f3 que en este tramo carretero han ocurrido accidentes tr\u00e1gicos por el mal estado de la autopista y se suma que algunos conductores no tienen la capacidad de respuesta ante situaciones peligrosas como exceso de velocidad o imprudencias de otros al volante.<\/p>\n\n\n\n<p>La entrevistada mencion\u00f3 que en meses pasados, una piedra suelta sobre la carretera golpe\u00f3 su parabrisas, da\u00f1\u00e1ndolo al grado que tuvo que adquirir uno nuevo costeado por su cuenta pues el seguro que presuntamente le cobraron en la caseta, no se hizo responsable.<\/p>\n\n\n\n<p>Exhort\u00f3 a las autoridades correspondientes y a los conductores que la utilizan frecuentemente a que tomen precauciones para evitar accidentes tr\u00e1gicos ante las fuertes lluvias presentes en la entidad veracruzana.<\/p>\n","protected":false},"excerpt":{"rendered":"<p>Juan Arcos Xalapa, Ver.- Automovilistas que transitan por la autopista Xalapa-Veracruz denunciaron que el tramo carretero ubicado antes y despu\u00e9s de la caseta de la localidad Plan del R\u00edo presenta da\u00f1os severos que ponen en peligro a quienes transitan, sobre todo durante este temporal de lluvias. Fabiola Fern\u00e1ndez cont\u00f3 que circula por esta v\u00eda de [&hellip;]<\/p>\n","protected":false},"author":2476,"featured_media":56023,"comment_status":"open","ping_status":"open","sticky":false,"template":"","format":"standard","meta":{"_jetpack_memberships_contains_paid_content":false,"footnotes":""},"categories":[8],"tags":[],"class_list":["post-56022","post","type-post","status-publish","format-standard","has-post-thumbnail","hentry","category-region"],"jetpack_featured_media_url":"https:\/\/encuentroinformativo.com.mx\/wp-content\/uploads\/2024\/06\/IMG_04032.jpg","jetpack_sharing_enabled":true,"jetpack_likes_enabled":true,"amp_enabled":true,"_links":{"self":[{"href":"https:\/\/encuentroinformativo.com.mx\/index.php?rest_route=\/wp\/v2\/posts\/56022","targetHints":{"allow":["GET"]}}],"collection":[{"href":"https:\/\/encuentroinformativo.com.mx\/index.php?rest_route=\/wp\/v2\/posts"}],"about":[{"href":"https:\/\/encuentroinformativo.com.mx\/index.php?rest_route=\/wp\/v2\/types\/post"}],"author":[{"embeddable":true,"href":"https:\/\/encuentroinformativo.com.mx\/index.php?rest_route=\/wp\/v2\/users\/2476"}],"replies":[{"embeddable":true,"href":"https:\/\/encuentroinformativo.com.mx\/index.php?rest_route=%2Fwp%2Fv2%2Fcomments&post=56022"}],"version-history":[{"count":1,"href":"https:\/\/encuentroinformativo.com.mx\/index.php?rest_route=\/wp\/v2\/posts\/56022\/revisions"}],"predecessor-version":[{"id":56024,"href":"https:\/\/encuentroinformativo.com.mx\/index.php?rest_route=\/wp\/v2\/posts\/56022\/revisions\/56024"}],"wp:featuredmedia":[{"embeddable":true,"href":"https:\/\/encuentroinformativo.com.mx\/index.php?rest_route=\/wp\/v2\/media\/56023"}],"wp:attachment":[{"href":"https:\/\/encuentroinformativo.com.mx\/index.php?rest_route=%2Fwp%2Fv2%2Fmedia&parent=56022"}],"wp:term":[{"taxonomy":"category","embeddable":true,"href":"https:\/\/encuentroinformativo.com.mx\/index.php?rest_route=%2Fwp%2Fv2%2Fcategories&post=56022"},{"taxonomy":"post_tag","embeddable":true,"href":"https:\/\/encuentroinformativo.com.mx\/index.php?rest_route=%2Fwp%2Fv2%2Ftags&post=56022"}],"curies":[{"name":"wp","href":"https:\/\/api.w.org\/{rel}","templated":true}]}}