{"id":56025,"date":"2024-06-24T20:42:23","date_gmt":"2024-06-25T02:42:23","guid":{"rendered":"https:\/\/encuentroinformativo.com.mx\/?p=56025"},"modified":"2024-06-24T20:42:29","modified_gmt":"2024-06-25T02:42:29","slug":"protestan-alumnos-en-facultad-de-educacion-fisica-acusan-imposicion-de-director","status":"publish","type":"post","link":"https:\/\/encuentroinformativo.com.mx\/?p=56025","title":{"rendered":"Protestan Alumnos en Facultad de Educaci\u00f3n F\u00edsica, acusan imposici\u00f3n de director"},"content":{"rendered":"\n<p><strong>Alejandro \u00c1vila<\/strong><\/p>\n\n\n\n<p>Boca del R\u00edo, Ver.- Alumnos de la Facultad de Educaci\u00f3n F\u00edsica de la Universidad Veracruzana tomaron las instalaciones ubicadas en la calle Mar del Norte en el municipio de Boca del R\u00edo, ya que se\u00f1alan que la Rector\u00eda de la UV les intenta imponer un director.<\/p>\n\n\n\n<p>En estos momentos se encuentra el director interino, Santiago Castineyra Mendoza, pues en diciembre de 2023 se nombr\u00f3 una terna la cual deb\u00eda entrar en funciones en el mes de mayo.<\/p>\n\n\n\n<p>&#8220;A fuerzas quieren hacer otra terna cuando la terna ya est\u00e1 conformada, no quieren respetar nuestros derechos, ese es el punto m\u00e1s importante, que no quieren respetar a lo que se hizo ya como \u00f3rgano de Facultad, \u00f3rgano interno de la Junta Acad\u00e9mica, y el Vicerrector dice que no, que a fuerza tienen que ser otra una nueva terna, cuando la terna ya est\u00e1 (\u2026) ahorita el 19 de mayo ya hubiera entrado el nuevo director, que estaba conformado por el doctor, Julio Lozano Flores, el profesor Osiris, y el profesor Barradas&#8221;, mencion\u00f3 Jessica Mart\u00ednez Escamilla, Consejera Alumna de FEFUV.<\/p>\n\n\n\n<p>Afuera de las instalaciones se encontraban todos los representantes de generaci\u00f3n, adem\u00e1s de algunos docentes y, por supuesto, la Consejera Alumna; en total, la Facultad de Educaci\u00f3n F\u00edsica de la Universidad Veracruzana (FEFUV) cuenta con una matr\u00edcula de 400 alumnos.<\/p>\n\n\n\n<p>&#8220;No queremos que impongan a un director el cual nos ha privatizado ba\u00f1os, el cual ha violentado la Ley Org\u00e1nica pues se ha encubierto profesores de violencia de g\u00e9nero, que eso es lo que tambi\u00e9n est\u00e1 muy grueso, hubo un caso de violencia de g\u00e9nero al cual no le hizo caso e hizo que mi compa\u00f1era declinara, lo digo abiertamente&#8221;, sentenci\u00f3.<\/p>\n","protected":false},"excerpt":{"rendered":"<p>Alejandro \u00c1vila Boca del R\u00edo, Ver.- Alumnos de la Facultad de Educaci\u00f3n F\u00edsica de la Universidad Veracruzana tomaron las instalaciones ubicadas en la calle Mar del Norte en el municipio de Boca del R\u00edo, ya que se\u00f1alan que la Rector\u00eda de la UV les intenta imponer un director. En estos momentos se encuentra el director [&hellip;]<\/p>\n","protected":false},"author":2476,"featured_media":56026,"comment_status":"open","ping_status":"open","sticky":false,"template":"","format":"standard","meta":{"_jetpack_memberships_contains_paid_content":false,"footnotes":""},"categories":[2],"tags":[],"class_list":["post-56025","post","type-post","status-publish","format-standard","has-post-thumbnail","hentry","category-estado"],"jetpack_featured_media_url":"https:\/\/encuentroinformativo.com.mx\/wp-content\/uploads\/2024\/06\/IMG-20240624-WA0189.jpg","jetpack_sharing_enabled":true,"jetpack_likes_enabled":true,"amp_enabled":true,"_links":{"self":[{"href":"https:\/\/encuentroinformativo.com.mx\/index.php?rest_route=\/wp\/v2\/posts\/56025","targetHints":{"allow":["GET"]}}],"collection":[{"href":"https:\/\/encuentroinformativo.com.mx\/index.php?rest_route=\/wp\/v2\/posts"}],"about":[{"href":"https:\/\/encuentroinformativo.com.mx\/index.php?rest_route=\/wp\/v2\/types\/post"}],"author":[{"embeddable":true,"href":"https:\/\/encuentroinformativo.com.mx\/index.php?rest_route=\/wp\/v2\/users\/2476"}],"replies":[{"embeddable":true,"href":"https:\/\/encuentroinformativo.com.mx\/index.php?rest_route=%2Fwp%2Fv2%2Fcomments&post=56025"}],"version-history":[{"count":1,"href":"https:\/\/encuentroinformativo.com.mx\/index.php?rest_route=\/wp\/v2\/posts\/56025\/revisions"}],"predecessor-version":[{"id":56027,"href":"https:\/\/encuentroinformativo.com.mx\/index.php?rest_route=\/wp\/v2\/posts\/56025\/revisions\/56027"}],"wp:featuredmedia":[{"embeddable":true,"href":"https:\/\/encuentroinformativo.com.mx\/index.php?rest_route=\/wp\/v2\/media\/56026"}],"wp:attachment":[{"href":"https:\/\/encuentroinformativo.com.mx\/index.php?rest_route=%2Fwp%2Fv2%2Fmedia&parent=56025"}],"wp:term":[{"taxonomy":"category","embeddable":true,"href":"https:\/\/encuentroinformativo.com.mx\/index.php?rest_route=%2Fwp%2Fv2%2Fcategories&post=56025"},{"taxonomy":"post_tag","embeddable":true,"href":"https:\/\/encuentroinformativo.com.mx\/index.php?rest_route=%2Fwp%2Fv2%2Ftags&post=56025"}],"curies":[{"name":"wp","href":"https:\/\/api.w.org\/{rel}","templated":true}]}}