{"id":56036,"date":"2024-06-24T21:23:28","date_gmt":"2024-06-25T03:23:28","guid":{"rendered":"https:\/\/encuentroinformativo.com.mx\/?p=56036"},"modified":"2024-06-24T21:23:35","modified_gmt":"2024-06-25T03:23:35","slug":"ante-afectaciones-instalan-albergue-en-real-del-oro","status":"publish","type":"post","link":"https:\/\/encuentroinformativo.com.mx\/?p=56036","title":{"rendered":"Ante afectaciones, instalan albergue en Real del Oro"},"content":{"rendered":"\n<p>Ursulo Galv\u00e1n, Ver.- Derivado de las intensas lluvias, el DIF Municipal de \u00darsulo Galv\u00e1n atendi\u00f3 a las familias afectadas por la desembocadura del r\u00edo Actopan. Una de las localidades m\u00e1s afectadas fue Real del Oro.<\/p>\n\n\n\n<p>La presidenta y el director del Sistema Municipal del DIF, Vianney Hern\u00e1ndez Vizuet, junto con el director, Iv\u00e1n \u00c1lvarez Hern\u00e1ndez, y el personal de este sistema, realizaron un censo para identificar a las familias damnificadas y reubicarlas en caso de ser necesario ante una situaci\u00f3n de emergencia.<\/p>\n\n\n\n<p>Gracias a la visita de la directora general del DIF Estatal, Rebeca Quintanar Barcel\u00f3, qued\u00f3 instalado un albergue en la Casa del Campesino en Real del Oro, para ofrecer refugio y asistencia a las personas que pudieran resultar afectadas, recordemos que las lluvias prevalecer\u00e1n durante pr\u00f3ximas fechas. Gracias a las gestiones del DIF municipal, el DIF Estatal don\u00f3 camastros, cobijas, despensas y enseres de limpieza.<\/p>\n\n\n\n<p>El albergue quedar\u00e1 abierto a partir de las 22:00 horas, para las familias afectadas, es importante que se acerquen a la direcci\u00f3n de Protecci\u00f3n Civil Municipal para solicitar refugio temporal ya que sus hogares est\u00e9n en \u00e1reas de riesgo.<\/p>\n\n\n\n<p>En nombre del alcalde Eder Jero Hern\u00e1ndez Lara y del pueblo del municipio de \u00darsulo Galv\u00e1n, las autoridades municipales agradecieron a la titular del DIF Estatal Rebeca Quintanar por su invaluable apoyo y atenci\u00f3n.<\/p>\n\n\n\n<figure class=\"wp-block-image size-large\"><img loading=\"lazy\" decoding=\"async\" width=\"1024\" height=\"576\" src=\"https:\/\/encuentroinformativo.com.mx\/wp-content\/uploads\/2024\/06\/1000329954-1024x576.jpg\" alt=\"\" class=\"wp-image-56038\" srcset=\"https:\/\/encuentroinformativo.com.mx\/wp-content\/uploads\/2024\/06\/1000329954-1024x576.jpg 1024w, https:\/\/encuentroinformativo.com.mx\/wp-content\/uploads\/2024\/06\/1000329954-300x169.jpg 300w, https:\/\/encuentroinformativo.com.mx\/wp-content\/uploads\/2024\/06\/1000329954-768x432.jpg 768w, https:\/\/encuentroinformativo.com.mx\/wp-content\/uploads\/2024\/06\/1000329954.jpg 1080w\" sizes=\"auto, (max-width: 1024px) 100vw, 1024px\" \/><\/figure>\n","protected":false},"excerpt":{"rendered":"<p>Ursulo Galv\u00e1n, Ver.- Derivado de las intensas lluvias, el DIF Municipal de \u00darsulo Galv\u00e1n atendi\u00f3 a las familias afectadas por la desembocadura del r\u00edo Actopan. Una de las localidades m\u00e1s afectadas fue Real del Oro. La presidenta y el director del Sistema Municipal del DIF, Vianney Hern\u00e1ndez Vizuet, junto con el director, Iv\u00e1n \u00c1lvarez Hern\u00e1ndez, [&hellip;]<\/p>\n","protected":false},"author":2476,"featured_media":56037,"comment_status":"open","ping_status":"open","sticky":false,"template":"","format":"standard","meta":{"_jetpack_memberships_contains_paid_content":false,"footnotes":""},"categories":[8],"tags":[],"class_list":["post-56036","post","type-post","status-publish","format-standard","has-post-thumbnail","hentry","category-region"],"jetpack_featured_media_url":"https:\/\/encuentroinformativo.com.mx\/wp-content\/uploads\/2024\/06\/FB_IMG_1719285289195.jpg","jetpack_sharing_enabled":true,"jetpack_likes_enabled":true,"amp_enabled":true,"_links":{"self":[{"href":"https:\/\/encuentroinformativo.com.mx\/index.php?rest_route=\/wp\/v2\/posts\/56036","targetHints":{"allow":["GET"]}}],"collection":[{"href":"https:\/\/encuentroinformativo.com.mx\/index.php?rest_route=\/wp\/v2\/posts"}],"about":[{"href":"https:\/\/encuentroinformativo.com.mx\/index.php?rest_route=\/wp\/v2\/types\/post"}],"author":[{"embeddable":true,"href":"https:\/\/encuentroinformativo.com.mx\/index.php?rest_route=\/wp\/v2\/users\/2476"}],"replies":[{"embeddable":true,"href":"https:\/\/encuentroinformativo.com.mx\/index.php?rest_route=%2Fwp%2Fv2%2Fcomments&post=56036"}],"version-history":[{"count":1,"href":"https:\/\/encuentroinformativo.com.mx\/index.php?rest_route=\/wp\/v2\/posts\/56036\/revisions"}],"predecessor-version":[{"id":56039,"href":"https:\/\/encuentroinformativo.com.mx\/index.php?rest_route=\/wp\/v2\/posts\/56036\/revisions\/56039"}],"wp:featuredmedia":[{"embeddable":true,"href":"https:\/\/encuentroinformativo.com.mx\/index.php?rest_route=\/wp\/v2\/media\/56037"}],"wp:attachment":[{"href":"https:\/\/encuentroinformativo.com.mx\/index.php?rest_route=%2Fwp%2Fv2%2Fmedia&parent=56036"}],"wp:term":[{"taxonomy":"category","embeddable":true,"href":"https:\/\/encuentroinformativo.com.mx\/index.php?rest_route=%2Fwp%2Fv2%2Fcategories&post=56036"},{"taxonomy":"post_tag","embeddable":true,"href":"https:\/\/encuentroinformativo.com.mx\/index.php?rest_route=%2Fwp%2Fv2%2Ftags&post=56036"}],"curies":[{"name":"wp","href":"https:\/\/api.w.org\/{rel}","templated":true}]}}