{"id":56043,"date":"2024-06-25T10:51:14","date_gmt":"2024-06-25T16:51:14","guid":{"rendered":"https:\/\/encuentroinformativo.com.mx\/?p=56043"},"modified":"2024-06-25T10:51:21","modified_gmt":"2024-06-25T16:51:21","slug":"ayuntamientos-carecen-de-policias-municipales-acusa-huerta","status":"publish","type":"post","link":"https:\/\/encuentroinformativo.com.mx\/?p=56043","title":{"rendered":"Ayuntamientos carecen de polic\u00edas municipales, acusa Huerta"},"content":{"rendered":"\n<p><strong>Alejandro \u00c1vila<\/strong><\/p>\n\n\n\n<p>Veracruz, Ver.- Tras los hechos ocurridos en Totalco, donde el Gobierno de Veracruz decidi\u00f3 eliminar la Fuerza Civil tras su mal proceder, el Senador electo, Manuel Huerta Ladr\u00f3n de Guevara, mencion\u00f3 que se debe reestructurar las fuerzas del orden en la entidad, pues incluso existen municipios que no cuentan con el n\u00famero suficiente de polic\u00edas para atender a la ciudadan\u00eda.<\/p>\n\n\n\n<p>&#8220;Hay municipios en Veracruz que no tienen ni polic\u00eda, el de Acayucan no tiene m\u00e1s que dos polic\u00edas que cuidan a la alcaldesa y el pueblo est\u00e1 sin cuidado, y no podemos cargarle a la Guardia Nacional, al Ej\u00e9rcito o a la Marina el cuidado, aqu\u00ed mismo en Veracruz si no fuera por la Marina las condiciones de seguridad no ser\u00edan apropiadas&#8221;, expres\u00f3.<\/p>\n\n\n\n<p>De la misma manera, dijo que a trav\u00e9s del Congreso de la Uni\u00f3n buscar\u00e1n que la Guardia Nacional se rija a trav\u00e9s de la Secretar\u00eda de la Defensa Nacional, pues adem\u00e1s, necesitan que las fuerzas del orden p\u00fablico tengan una visi\u00f3n humanista para brindar mejor atenci\u00f3n a los mexicanos<\/p>\n\n\n\n<p>&#8220;Lo que vamos a legislar es que la Guardia Nacional quede en manos de la Sedena como una fuerza institucional que impida que se perviertan las instituciones de seguridad. Y creo que la reforma en Veracruz, la que yo propuse en su momento, es darle el nivel m\u00e1s elevado que es la seguridad humana (\u2026) sin duda, yo me he pronunciado porque las polic\u00edas deben ser controladas por las comunidades, por eso en la propuesta que hicimos estamos hablando de que debe ser bajo el control de la ciudadan\u00eda&#8221;, remat\u00f3.<\/p>\n","protected":false},"excerpt":{"rendered":"<p>Alejandro \u00c1vila Veracruz, Ver.- Tras los hechos ocurridos en Totalco, donde el Gobierno de Veracruz decidi\u00f3 eliminar la Fuerza Civil tras su mal proceder, el Senador electo, Manuel Huerta Ladr\u00f3n de Guevara, mencion\u00f3 que se debe reestructurar las fuerzas del orden en la entidad, pues incluso existen municipios que no cuentan con el n\u00famero suficiente [&hellip;]<\/p>\n","protected":false},"author":2476,"featured_media":56044,"comment_status":"open","ping_status":"open","sticky":false,"template":"","format":"standard","meta":{"_jetpack_memberships_contains_paid_content":false,"footnotes":""},"categories":[2],"tags":[],"class_list":["post-56043","post","type-post","status-publish","format-standard","has-post-thumbnail","hentry","category-estado"],"jetpack_featured_media_url":"https:\/\/encuentroinformativo.com.mx\/wp-content\/uploads\/2024\/06\/IMG-20240625-WA0015.jpg","jetpack_sharing_enabled":true,"jetpack_likes_enabled":true,"amp_enabled":true,"_links":{"self":[{"href":"https:\/\/encuentroinformativo.com.mx\/index.php?rest_route=\/wp\/v2\/posts\/56043","targetHints":{"allow":["GET"]}}],"collection":[{"href":"https:\/\/encuentroinformativo.com.mx\/index.php?rest_route=\/wp\/v2\/posts"}],"about":[{"href":"https:\/\/encuentroinformativo.com.mx\/index.php?rest_route=\/wp\/v2\/types\/post"}],"author":[{"embeddable":true,"href":"https:\/\/encuentroinformativo.com.mx\/index.php?rest_route=\/wp\/v2\/users\/2476"}],"replies":[{"embeddable":true,"href":"https:\/\/encuentroinformativo.com.mx\/index.php?rest_route=%2Fwp%2Fv2%2Fcomments&post=56043"}],"version-history":[{"count":1,"href":"https:\/\/encuentroinformativo.com.mx\/index.php?rest_route=\/wp\/v2\/posts\/56043\/revisions"}],"predecessor-version":[{"id":56045,"href":"https:\/\/encuentroinformativo.com.mx\/index.php?rest_route=\/wp\/v2\/posts\/56043\/revisions\/56045"}],"wp:featuredmedia":[{"embeddable":true,"href":"https:\/\/encuentroinformativo.com.mx\/index.php?rest_route=\/wp\/v2\/media\/56044"}],"wp:attachment":[{"href":"https:\/\/encuentroinformativo.com.mx\/index.php?rest_route=%2Fwp%2Fv2%2Fmedia&parent=56043"}],"wp:term":[{"taxonomy":"category","embeddable":true,"href":"https:\/\/encuentroinformativo.com.mx\/index.php?rest_route=%2Fwp%2Fv2%2Fcategories&post=56043"},{"taxonomy":"post_tag","embeddable":true,"href":"https:\/\/encuentroinformativo.com.mx\/index.php?rest_route=%2Fwp%2Fv2%2Ftags&post=56043"}],"curies":[{"name":"wp","href":"https:\/\/api.w.org\/{rel}","templated":true}]}}