{"id":56046,"date":"2024-06-25T11:17:36","date_gmt":"2024-06-25T17:17:36","guid":{"rendered":"https:\/\/encuentroinformativo.com.mx\/?p=56046"},"modified":"2024-06-25T11:17:42","modified_gmt":"2024-06-25T17:17:42","slug":"localizan-hombre-sin-vida-en-playas-de-alvarado","status":"publish","type":"post","link":"https:\/\/encuentroinformativo.com.mx\/?p=56046","title":{"rendered":"Localizan hombre sin vida en playas de Alvarado"},"content":{"rendered":"\n<p><strong>Alejandro \u00c1vila<\/strong><\/p>\n\n\n\n<p>Alvarado, Ver.- La ma\u00f1ana de este martes fue encontrado a orillas de la playa de La Trocha en el municipio de Alvarado, un sujeto desnudo y sin vida, por lo cual se dio aviso a las fuerzas del orden p\u00fablico.<\/p>\n\n\n\n<p>El cuerpo del sujeto del cual no se ha podido identificar el nombre y la edad, se encontraba a la altura de la zona conocida como La Bocana; de la misma manera, siguen las investigaciones pues no se ha confirmado si el cuerpo presenta alg\u00fan golpe o impact\u00f3, o se trat\u00f3 de ahogamiento.<\/p>\n\n\n\n<p>Al lugar reportado llegaron elementos de la Secretar\u00eda de Seguridad P\u00fablica, Polic\u00eda Municipal y Polic\u00eda Ministerial, minutos m\u00e1s tarde arribaron peritos para iniciar con las indagaciones correspondientes.<\/p>\n","protected":false},"excerpt":{"rendered":"<p>Alejandro \u00c1vila Alvarado, Ver.- La ma\u00f1ana de este martes fue encontrado a orillas de la playa de La Trocha en el municipio de Alvarado, un sujeto desnudo y sin vida, por lo cual se dio aviso a las fuerzas del orden p\u00fablico. El cuerpo del sujeto del cual no se ha podido identificar el nombre [&hellip;]<\/p>\n","protected":false},"author":2476,"featured_media":56047,"comment_status":"open","ping_status":"open","sticky":false,"template":"","format":"standard","meta":{"_jetpack_memberships_contains_paid_content":false,"footnotes":""},"categories":[14],"tags":[],"class_list":["post-56046","post","type-post","status-publish","format-standard","has-post-thumbnail","hentry","category-policiaca"],"jetpack_featured_media_url":"https:\/\/encuentroinformativo.com.mx\/wp-content\/uploads\/2024\/06\/IMG-20240625-WA0017.jpg","jetpack_sharing_enabled":true,"jetpack_likes_enabled":true,"amp_enabled":true,"_links":{"self":[{"href":"https:\/\/encuentroinformativo.com.mx\/index.php?rest_route=\/wp\/v2\/posts\/56046","targetHints":{"allow":["GET"]}}],"collection":[{"href":"https:\/\/encuentroinformativo.com.mx\/index.php?rest_route=\/wp\/v2\/posts"}],"about":[{"href":"https:\/\/encuentroinformativo.com.mx\/index.php?rest_route=\/wp\/v2\/types\/post"}],"author":[{"embeddable":true,"href":"https:\/\/encuentroinformativo.com.mx\/index.php?rest_route=\/wp\/v2\/users\/2476"}],"replies":[{"embeddable":true,"href":"https:\/\/encuentroinformativo.com.mx\/index.php?rest_route=%2Fwp%2Fv2%2Fcomments&post=56046"}],"version-history":[{"count":1,"href":"https:\/\/encuentroinformativo.com.mx\/index.php?rest_route=\/wp\/v2\/posts\/56046\/revisions"}],"predecessor-version":[{"id":56048,"href":"https:\/\/encuentroinformativo.com.mx\/index.php?rest_route=\/wp\/v2\/posts\/56046\/revisions\/56048"}],"wp:featuredmedia":[{"embeddable":true,"href":"https:\/\/encuentroinformativo.com.mx\/index.php?rest_route=\/wp\/v2\/media\/56047"}],"wp:attachment":[{"href":"https:\/\/encuentroinformativo.com.mx\/index.php?rest_route=%2Fwp%2Fv2%2Fmedia&parent=56046"}],"wp:term":[{"taxonomy":"category","embeddable":true,"href":"https:\/\/encuentroinformativo.com.mx\/index.php?rest_route=%2Fwp%2Fv2%2Fcategories&post=56046"},{"taxonomy":"post_tag","embeddable":true,"href":"https:\/\/encuentroinformativo.com.mx\/index.php?rest_route=%2Fwp%2Fv2%2Ftags&post=56046"}],"curies":[{"name":"wp","href":"https:\/\/api.w.org\/{rel}","templated":true}]}}