{"id":56062,"date":"2024-06-25T13:08:52","date_gmt":"2024-06-25T19:08:52","guid":{"rendered":"https:\/\/encuentroinformativo.com.mx\/?p=56062"},"modified":"2024-06-25T13:08:57","modified_gmt":"2024-06-25T19:08:57","slug":"fallece-rosa-borunda-esposa-del-ex-gobernador-fidel-herrera","status":"publish","type":"post","link":"https:\/\/encuentroinformativo.com.mx\/?p=56062","title":{"rendered":"Fallece Rosa Borunda, esposa del ex gobernador Fidel Herrera"},"content":{"rendered":"\n<p><strong>Dar\u00edo Pale <\/strong><\/p>\n\n\n\n<p>Xalapa, Ver.- Mediante las diferentes redes sociales familiares y amigos dieron a conocer est\u00e9 d\u00eda el lamentable fallecimiento de la se\u00f1ora Rosa Borunda, esposa del ex gobernador de Veracruz, Fidel Herrera Beltr\u00e1n.<\/p>\n\n\n\n<p>A trav\u00e9s de su cuenta de <em>Twitter<\/em>, Manuel Velasco dio el p\u00e9same a la familia de la \u00a0ex presidenta del Sistema Estatal para el Desarrollo Integral de la Familia (DIF), en especial a Javier Herrera Borunda.\u00a0<\/p>\n\n\n\n<p>&#8220;Conoc\u00ed desde muy ni\u00f1o a Do\u00f1a Rosa Borunda, una gran mujer, madre ejemplar, a quien recuerdo con profundo cari\u00f1o porque fue cari\u00f1o lo que siempre recib\u00ed de ella. Fue amiga de mi Padre, el Dr. Jos\u00e9 Manuel Velasco Siles y de mi Madre, Do\u00f1a Leticia Coello de Velasco.\u00a0JavierHerreraMx es m\u00e1s que un amigo, es mi hermano y lo abrazo con todo mi cari\u00f1o en estos momentos de dolor, expresando mi p\u00e9same y solidaridad a toda la familia Herrera Borunda, Descanse en Paz&#8221;.\u00a0<\/p>\n\n\n\n<p>De igual forma Javier Herrera Borunda por medio de sus redes sociales tambi\u00e9n dio a conocer el fallecimiento de su se\u00f1ora madre.<\/p>\n\n\n\n<p>Por \u00faltimo cabe se\u00f1alar que al parecer padec\u00eda de neumon\u00eda.<\/p>\n","protected":false},"excerpt":{"rendered":"<p>Dar\u00edo Pale Xalapa, Ver.- Mediante las diferentes redes sociales familiares y amigos dieron a conocer est\u00e9 d\u00eda el lamentable fallecimiento de la se\u00f1ora Rosa Borunda, esposa del ex gobernador de Veracruz, Fidel Herrera Beltr\u00e1n. A trav\u00e9s de su cuenta de Twitter, Manuel Velasco dio el p\u00e9same a la familia de la \u00a0ex presidenta del Sistema [&hellip;]<\/p>\n","protected":false},"author":2476,"featured_media":56063,"comment_status":"open","ping_status":"open","sticky":false,"template":"","format":"standard","meta":{"_jetpack_memberships_contains_paid_content":false,"footnotes":""},"categories":[2],"tags":[],"class_list":["post-56062","post","type-post","status-publish","format-standard","has-post-thumbnail","hentry","category-estado"],"jetpack_featured_media_url":"https:\/\/encuentroinformativo.com.mx\/wp-content\/uploads\/2024\/06\/IMG-20240625-WA0036.jpg","jetpack_sharing_enabled":true,"jetpack_likes_enabled":true,"amp_enabled":true,"_links":{"self":[{"href":"https:\/\/encuentroinformativo.com.mx\/index.php?rest_route=\/wp\/v2\/posts\/56062","targetHints":{"allow":["GET"]}}],"collection":[{"href":"https:\/\/encuentroinformativo.com.mx\/index.php?rest_route=\/wp\/v2\/posts"}],"about":[{"href":"https:\/\/encuentroinformativo.com.mx\/index.php?rest_route=\/wp\/v2\/types\/post"}],"author":[{"embeddable":true,"href":"https:\/\/encuentroinformativo.com.mx\/index.php?rest_route=\/wp\/v2\/users\/2476"}],"replies":[{"embeddable":true,"href":"https:\/\/encuentroinformativo.com.mx\/index.php?rest_route=%2Fwp%2Fv2%2Fcomments&post=56062"}],"version-history":[{"count":1,"href":"https:\/\/encuentroinformativo.com.mx\/index.php?rest_route=\/wp\/v2\/posts\/56062\/revisions"}],"predecessor-version":[{"id":56064,"href":"https:\/\/encuentroinformativo.com.mx\/index.php?rest_route=\/wp\/v2\/posts\/56062\/revisions\/56064"}],"wp:featuredmedia":[{"embeddable":true,"href":"https:\/\/encuentroinformativo.com.mx\/index.php?rest_route=\/wp\/v2\/media\/56063"}],"wp:attachment":[{"href":"https:\/\/encuentroinformativo.com.mx\/index.php?rest_route=%2Fwp%2Fv2%2Fmedia&parent=56062"}],"wp:term":[{"taxonomy":"category","embeddable":true,"href":"https:\/\/encuentroinformativo.com.mx\/index.php?rest_route=%2Fwp%2Fv2%2Fcategories&post=56062"},{"taxonomy":"post_tag","embeddable":true,"href":"https:\/\/encuentroinformativo.com.mx\/index.php?rest_route=%2Fwp%2Fv2%2Ftags&post=56062"}],"curies":[{"name":"wp","href":"https:\/\/api.w.org\/{rel}","templated":true}]}}