{"id":56065,"date":"2024-06-25T15:20:22","date_gmt":"2024-06-25T21:20:22","guid":{"rendered":"https:\/\/encuentroinformativo.com.mx\/?p=56065"},"modified":"2024-06-25T15:20:27","modified_gmt":"2024-06-25T21:20:27","slug":"sin-descartar-cambios-en-ssp-gobernador","status":"publish","type":"post","link":"https:\/\/encuentroinformativo.com.mx\/?p=56065","title":{"rendered":"Sin descartar cambios en SSP: Gobernador"},"content":{"rendered":"\n<p><strong>Dar\u00edo Pale <\/strong><\/p>\n\n\n\n<p>Xalapa, Ver.- Ni confirma ni descarta el Gobernador Cuitl\u00e1huac Garc\u00eda Jim\u00e9nez salida de titular de la Secretar\u00eda de Seguridad P\u00fablica (SSP), Cuauht\u00e9moc Z\u00fa\u00f1iga tras los hechos ocurridos en Totalco, lo que s\u00ed confirm\u00f3 fue el fallecimiento de tres personas por las lluvias.<\/p>\n\n\n\n<p>En conferencia de prensa, pidi\u00f3 no \u00a0difundir rumores, ya que para eso la administraci\u00f3n estatal dar\u00e1 a conocer la informaci\u00f3n oficial, por lo que en ese sentido, remiti\u00f3 al comunicado publicado sobre los acontecimientos en Perote y la desaparici\u00f3n de la Fuerza Civil.<\/p>\n\n\n\n<p>Asimismo, sobre el abuso de los elementos de la Fuerza Civil por lo que hubo un saldo de dos personas fallecidas, dijo que las fiscal\u00edas General del Estado y la General de la Rep\u00fablica, est\u00e1n investigando.<\/p>\n\n\n\n<p>Dijo que las investigaciones se har\u00e1n a fondo y su administraci\u00f3n es la m\u00e1s interesada en que se aclare, adem\u00e1s de que se apegar\u00e1n a lo que se determine.<\/p>\n\n\n\n<p>Cuestionado sobre qui\u00e9n dio la orden, recalc\u00f3 que ya se emiti\u00f3 un comunicado que pidi\u00f3 se pueda difundir.<\/p>\n\n\n\n<p>&#8220;Queremos el esclarecimiento pleno de esos hechos&#8221;, afirm\u00f3 y dijo que se ha brindado la atenci\u00f3n adecuada a los familiares de los hermanos Alberto y Jorge Cortina V\u00e1squez.<\/p>\n\n\n\n<p>En otro orden de ideas confirm\u00f3 el fallecimiento de tres personas a causa de las intensas lluvias que generaron el crecimiento de los r\u00edos, por lo que confirm\u00f3 que la noche del domingo dos j\u00f3venes del municipio de Actopan intentaron cruzar el r\u00edo Actopan en su motocicleta y fueron arrastrados.<\/p>\n\n\n\n<p>Los cuerpos de ambos j\u00f3venes fueron hallados sin vida este lunes a orillas de un r\u00edo conocido como La Raya de la comunidad Flor.<\/p>\n\n\n\n<p>La tercera v\u00edctima fue a causa de una descarga el\u00e9ctrica de un cable de alta tensi\u00f3n durante una lluvia, en la localidad de El Espinal, municipio de Actopan.<\/p>\n\n\n\n<p>Por \u00faltimo hizo un llamado a la gente a hacer caso de las diversas recomendaciones que hacen las autoridades.<\/p>\n","protected":false},"excerpt":{"rendered":"<p>Dar\u00edo Pale Xalapa, Ver.- Ni confirma ni descarta el Gobernador Cuitl\u00e1huac Garc\u00eda Jim\u00e9nez salida de titular de la Secretar\u00eda de Seguridad P\u00fablica (SSP), Cuauht\u00e9moc Z\u00fa\u00f1iga tras los hechos ocurridos en Totalco, lo que s\u00ed confirm\u00f3 fue el fallecimiento de tres personas por las lluvias. En conferencia de prensa, pidi\u00f3 no \u00a0difundir rumores, ya que para [&hellip;]<\/p>\n","protected":false},"author":2476,"featured_media":56066,"comment_status":"open","ping_status":"open","sticky":false,"template":"","format":"standard","meta":{"_jetpack_memberships_contains_paid_content":false,"footnotes":""},"categories":[2],"tags":[],"class_list":["post-56065","post","type-post","status-publish","format-standard","has-post-thumbnail","hentry","category-estado"],"jetpack_featured_media_url":"https:\/\/encuentroinformativo.com.mx\/wp-content\/uploads\/2024\/06\/IMG-20240625-WA0055-scaled.jpg","jetpack_sharing_enabled":true,"jetpack_likes_enabled":true,"amp_enabled":true,"_links":{"self":[{"href":"https:\/\/encuentroinformativo.com.mx\/index.php?rest_route=\/wp\/v2\/posts\/56065","targetHints":{"allow":["GET"]}}],"collection":[{"href":"https:\/\/encuentroinformativo.com.mx\/index.php?rest_route=\/wp\/v2\/posts"}],"about":[{"href":"https:\/\/encuentroinformativo.com.mx\/index.php?rest_route=\/wp\/v2\/types\/post"}],"author":[{"embeddable":true,"href":"https:\/\/encuentroinformativo.com.mx\/index.php?rest_route=\/wp\/v2\/users\/2476"}],"replies":[{"embeddable":true,"href":"https:\/\/encuentroinformativo.com.mx\/index.php?rest_route=%2Fwp%2Fv2%2Fcomments&post=56065"}],"version-history":[{"count":1,"href":"https:\/\/encuentroinformativo.com.mx\/index.php?rest_route=\/wp\/v2\/posts\/56065\/revisions"}],"predecessor-version":[{"id":56067,"href":"https:\/\/encuentroinformativo.com.mx\/index.php?rest_route=\/wp\/v2\/posts\/56065\/revisions\/56067"}],"wp:featuredmedia":[{"embeddable":true,"href":"https:\/\/encuentroinformativo.com.mx\/index.php?rest_route=\/wp\/v2\/media\/56066"}],"wp:attachment":[{"href":"https:\/\/encuentroinformativo.com.mx\/index.php?rest_route=%2Fwp%2Fv2%2Fmedia&parent=56065"}],"wp:term":[{"taxonomy":"category","embeddable":true,"href":"https:\/\/encuentroinformativo.com.mx\/index.php?rest_route=%2Fwp%2Fv2%2Fcategories&post=56065"},{"taxonomy":"post_tag","embeddable":true,"href":"https:\/\/encuentroinformativo.com.mx\/index.php?rest_route=%2Fwp%2Fv2%2Ftags&post=56065"}],"curies":[{"name":"wp","href":"https:\/\/api.w.org\/{rel}","templated":true}]}}