{"id":5607,"date":"2020-09-07T12:25:28","date_gmt":"2020-09-07T17:25:28","guid":{"rendered":"https:\/\/encuentroinformativo.com\/?p=5607"},"modified":"2020-09-07T12:25:31","modified_gmt":"2020-09-07T17:25:31","slug":"incumple-sev-con-adscripciones-pactadas-acusan-trabajadores","status":"publish","type":"post","link":"https:\/\/encuentroinformativo.com.mx\/?p=5607","title":{"rendered":"Incumple SEV con adscripciones pactadas, acusan trabajadores"},"content":{"rendered":"\n<p><strong>Dar\u00edo Pale <\/strong><\/p>\n\n\n\n<p>Xalapa, Ver.- Desde hace m\u00e1s de un a\u00f1o la Secretar\u00eda de Educaci\u00f3n de Veracruz (SEV) tiene en espera cambios de adscripci\u00f3n que ya hab\u00edan sido pactados, as\u00ed lo denunci\u00f3 el secretario general del Gremio Nacional de Trabajadores de la Educaci\u00f3n (GNTE), Abid Moctezuma Uscanga.<\/p>\n\n\n\n<p>En conferencia de prensa realizado en conocido caf\u00e9 del centro de Xalapa, se\u00f1al\u00f3 que a sus agremiados no se les reconoce la clave sindical y no ha permitido que se realice el pago de cuotas sindicales; dijo que de los 30 cambios de adscripci\u00f3n que se comprometi\u00f3 a hacer hasta el momento solo ha hecho 15.<\/p>\n\n\n\n<p>\u201cSolamente se han resuelto la mitad de los casos y confirme fueron pasando los tiempos la buena voluntad de estos funcionarios se fue desgastando y hoy hay un rezago de 15 casos\u201d, se\u00f1al\u00f3.<\/p>\n\n\n\n<p>Acusaron que desde hace m\u00e1s de un a\u00f1o, solicitaron a la Direcci\u00f3n de N\u00f3minas que diera de alta el expediente de sus agremiados en el Fondo de Aportaciones de la N\u00f3mina Educativa para que sus integrantes federalizados pudieran cotizar y aportar sus cuotas, pero no lo ha hecho.<\/p>\n\n\n\n<p>\u201cLa administraci\u00f3n pasada gestion\u00f3 la clave J3 para el Gremio Nacional a fin de que pudieran hacer aportaciones sindicales, pero esta administraci\u00f3n a pesar de que contaba con este avance y que restaba solo mandar el expediente a M\u00e9xico, no han podido completar este tr\u00e1mite\u201d, dio a conocer en la conferencia.<\/p>\n\n\n\n<p>Finalmente asegur\u00f3 que existe un da\u00f1o patrimonial a la organizaci\u00f3n porque los gastos se cubren por el concepto de cuota sindical y al no recibirlos se ven vulnerados.<\/p>\n\n\n\n<p><\/p>\n","protected":false},"excerpt":{"rendered":"<p>Dar\u00edo Pale Xalapa, Ver.- Desde hace m\u00e1s de un a\u00f1o la Secretar\u00eda de Educaci\u00f3n de Veracruz (SEV) tiene en espera cambios de adscripci\u00f3n que ya hab\u00edan sido pactados, as\u00ed lo denunci\u00f3 el secretario general del Gremio Nacional de Trabajadores de la Educaci\u00f3n (GNTE), Abid Moctezuma Uscanga. En conferencia de prensa realizado en conocido caf\u00e9 del [&hellip;]<\/p>\n","protected":false},"author":1,"featured_media":5606,"comment_status":"open","ping_status":"open","sticky":false,"template":"","format":"standard","meta":{"_jetpack_memberships_contains_paid_content":false,"footnotes":""},"categories":[2],"tags":[],"class_list":["post-5607","post","type-post","status-publish","format-standard","has-post-thumbnail","hentry","category-estado"],"jetpack_featured_media_url":"https:\/\/encuentroinformativo.com.mx\/wp-content\/uploads\/2020\/09\/2A1A8484-B617-40F7-8C6E-5A5AFD8E8A58.jpeg","jetpack_sharing_enabled":true,"jetpack_likes_enabled":true,"amp_enabled":true,"_links":{"self":[{"href":"https:\/\/encuentroinformativo.com.mx\/index.php?rest_route=\/wp\/v2\/posts\/5607","targetHints":{"allow":["GET"]}}],"collection":[{"href":"https:\/\/encuentroinformativo.com.mx\/index.php?rest_route=\/wp\/v2\/posts"}],"about":[{"href":"https:\/\/encuentroinformativo.com.mx\/index.php?rest_route=\/wp\/v2\/types\/post"}],"author":[{"embeddable":true,"href":"https:\/\/encuentroinformativo.com.mx\/index.php?rest_route=\/wp\/v2\/users\/1"}],"replies":[{"embeddable":true,"href":"https:\/\/encuentroinformativo.com.mx\/index.php?rest_route=%2Fwp%2Fv2%2Fcomments&post=5607"}],"version-history":[{"count":1,"href":"https:\/\/encuentroinformativo.com.mx\/index.php?rest_route=\/wp\/v2\/posts\/5607\/revisions"}],"predecessor-version":[{"id":5608,"href":"https:\/\/encuentroinformativo.com.mx\/index.php?rest_route=\/wp\/v2\/posts\/5607\/revisions\/5608"}],"wp:featuredmedia":[{"embeddable":true,"href":"https:\/\/encuentroinformativo.com.mx\/index.php?rest_route=\/wp\/v2\/media\/5606"}],"wp:attachment":[{"href":"https:\/\/encuentroinformativo.com.mx\/index.php?rest_route=%2Fwp%2Fv2%2Fmedia&parent=5607"}],"wp:term":[{"taxonomy":"category","embeddable":true,"href":"https:\/\/encuentroinformativo.com.mx\/index.php?rest_route=%2Fwp%2Fv2%2Fcategories&post=5607"},{"taxonomy":"post_tag","embeddable":true,"href":"https:\/\/encuentroinformativo.com.mx\/index.php?rest_route=%2Fwp%2Fv2%2Ftags&post=5607"}],"curies":[{"name":"wp","href":"https:\/\/api.w.org\/{rel}","templated":true}]}}