{"id":56077,"date":"2024-06-26T09:57:33","date_gmt":"2024-06-26T15:57:33","guid":{"rendered":"https:\/\/encuentroinformativo.com.mx\/?p=56077"},"modified":"2024-06-26T09:57:45","modified_gmt":"2024-06-26T15:57:45","slug":"ocupacion-hotelera-del-domingo-define-un-carnaval-exitoso-cometur","status":"publish","type":"post","link":"https:\/\/encuentroinformativo.com.mx\/?p=56077","title":{"rendered":"Ocupaci\u00f3n hotelera del domingo define un Carnaval exitoso: COMETUR"},"content":{"rendered":"\n<p><strong>Alejandro \u00c1vila<\/strong><\/p>\n\n\n\n<p>Veracruz, Ver.- Un Carnaval exitoso lo define la ocupaci\u00f3n hotelera del domingo y, aunque no se ha llegado al cien por ciento los n\u00fameros van a la alza, mencion\u00f3 el presidente del Consejo Metropolitano de Turismo (COMETUR), Sergio Lois Heredia.<\/p>\n\n\n\n<p>El empresario hotelero mencion\u00f3 que la ocupaci\u00f3n hotelera para viernes y s\u00e1bado est\u00e1 casi a tope, y espera no se produzca nuevamente el fen\u00f3meno del &#8220;camarena&#8221; (pernoctar en las playas).<\/p>\n\n\n\n<p>&#8220;Para viernes y s\u00e1bado yo creo que el Carnaval va a estar bastante lleno de turistas (\u2026) el domingo hasta ahora s\u00ed va incierto, creo que las personas tal vez ya est\u00e9n un poco la expectativa de como nos va con el clima, la realidad es que un Carnaval, tur\u00edsticamente hablando, se mide si fue positivo o no para nosotros en la ocupaci\u00f3n del domingo, por qu\u00e9, porque viernes y s\u00e1bado ya se sabe que vamos a estar pr\u00e1cticamente a tope cada a\u00f1o, y el domingo dices, hubo buena ocupaci\u00f3n, estuvimos a m\u00e1s del 80, pues nos fue bien en Carnaval, pero si no se llega a esas ocupaciones pues igual podemos decir que se puede mejorar&#8221;, subray\u00f3.<\/p>\n\n\n\n<p>Sergio Lois dijo que si bien al momento las ocupaciones hoteleras del domingo van lentas, quiz\u00e1 muchas personas que pensaban quedarse un d\u00eda m\u00e1s en el puerto de Veracruz est\u00e1n esperando el reporte climatol\u00f3gico, para saber si pernoctar\u00e1n un d\u00eda m\u00e1s en la ciudad.<\/p>\n","protected":false},"excerpt":{"rendered":"<p>Alejandro \u00c1vila Veracruz, Ver.- Un Carnaval exitoso lo define la ocupaci\u00f3n hotelera del domingo y, aunque no se ha llegado al cien por ciento los n\u00fameros van a la alza, mencion\u00f3 el presidente del Consejo Metropolitano de Turismo (COMETUR), Sergio Lois Heredia. El empresario hotelero mencion\u00f3 que la ocupaci\u00f3n hotelera para viernes y s\u00e1bado est\u00e1 [&hellip;]<\/p>\n","protected":false},"author":2476,"featured_media":56078,"comment_status":"open","ping_status":"open","sticky":false,"template":"","format":"standard","meta":{"_jetpack_memberships_contains_paid_content":false,"footnotes":""},"categories":[2],"tags":[],"class_list":["post-56077","post","type-post","status-publish","format-standard","has-post-thumbnail","hentry","category-estado"],"jetpack_featured_media_url":"https:\/\/encuentroinformativo.com.mx\/wp-content\/uploads\/2024\/06\/IMG-20240626-WA0006.jpg","jetpack_sharing_enabled":true,"jetpack_likes_enabled":true,"amp_enabled":true,"_links":{"self":[{"href":"https:\/\/encuentroinformativo.com.mx\/index.php?rest_route=\/wp\/v2\/posts\/56077","targetHints":{"allow":["GET"]}}],"collection":[{"href":"https:\/\/encuentroinformativo.com.mx\/index.php?rest_route=\/wp\/v2\/posts"}],"about":[{"href":"https:\/\/encuentroinformativo.com.mx\/index.php?rest_route=\/wp\/v2\/types\/post"}],"author":[{"embeddable":true,"href":"https:\/\/encuentroinformativo.com.mx\/index.php?rest_route=\/wp\/v2\/users\/2476"}],"replies":[{"embeddable":true,"href":"https:\/\/encuentroinformativo.com.mx\/index.php?rest_route=%2Fwp%2Fv2%2Fcomments&post=56077"}],"version-history":[{"count":1,"href":"https:\/\/encuentroinformativo.com.mx\/index.php?rest_route=\/wp\/v2\/posts\/56077\/revisions"}],"predecessor-version":[{"id":56079,"href":"https:\/\/encuentroinformativo.com.mx\/index.php?rest_route=\/wp\/v2\/posts\/56077\/revisions\/56079"}],"wp:featuredmedia":[{"embeddable":true,"href":"https:\/\/encuentroinformativo.com.mx\/index.php?rest_route=\/wp\/v2\/media\/56078"}],"wp:attachment":[{"href":"https:\/\/encuentroinformativo.com.mx\/index.php?rest_route=%2Fwp%2Fv2%2Fmedia&parent=56077"}],"wp:term":[{"taxonomy":"category","embeddable":true,"href":"https:\/\/encuentroinformativo.com.mx\/index.php?rest_route=%2Fwp%2Fv2%2Fcategories&post=56077"},{"taxonomy":"post_tag","embeddable":true,"href":"https:\/\/encuentroinformativo.com.mx\/index.php?rest_route=%2Fwp%2Fv2%2Ftags&post=56077"}],"curies":[{"name":"wp","href":"https:\/\/api.w.org\/{rel}","templated":true}]}}