{"id":56086,"date":"2024-06-26T12:30:15","date_gmt":"2024-06-26T18:30:15","guid":{"rendered":"https:\/\/encuentroinformativo.com.mx\/?p=56086"},"modified":"2024-06-26T12:30:43","modified_gmt":"2024-06-26T18:30:43","slug":"protesta-entrenador-de-para-atletismo-en-ivd-por-falta-de-pago","status":"publish","type":"post","link":"https:\/\/encuentroinformativo.com.mx\/?p=56086","title":{"rendered":"Protesta entrenador de para atletismo en IVD por falta de pago"},"content":{"rendered":"\n<p><strong>Alejandro \u00c1vila<\/strong><\/p>\n\n\n\n<p>Boca del R\u00edo, Ver.- El entrenador de para atletismo Rub\u00e9n Arrieta Ortiz mantiene una demanda contra el Instituto Veracruzano del Deporte por falta de pago desde el 2020.<\/p>\n\n\n\n<p>La ma\u00f1ana de este mi\u00e9rcoles el entrenador se manifest\u00f3 afuera de las instalaciones del IVD reclamando la falta de pago de su beca, pues afirma que sus m\u00e9ritos son los adecuados para obtener ese est\u00edmulo econ\u00f3mico.<\/p>\n\n\n\n<p>&#8220;Yo siempre soy el que mete (atletas) a los nacionales y tiene m\u00e1s campeones nacionales (\u2026) ahorita baj\u00e9 a disciplina de deporte adaptado, con discapacidad, y casi la mayor\u00eda de las medallas de deporte adaptado y campeones nacionales son m\u00edos, hay otros entrenadores y todo, pero yo meto en promedio de 6 &#8211; 7 &#8211; 8, con mis hijos trabajamos en el mismo sistema (\u2026) siempre sac\u00f3 oro, en todas siempre sac\u00f3 oro, y soy aparte el presidente de la Asociaci\u00f3n de Par\u00e1lisis Cerebral&#8221;, mencion\u00f3 Rub\u00e9n Arrieta.<\/p>\n\n\n\n<p>El tambi\u00e9n docente de educaci\u00f3n f\u00edsica lament\u00f3 que teniendo en administraciones anteriores a directores del Instituto Veracruzano del Deporte a directores que no cumpl\u00edan con el perfil, pues eran m\u00fasicos, ganaderos o simplemente pol\u00edticos, haya sido un egresado de la Facultad de Educaci\u00f3n F\u00edsica quien le est\u00e9 quitando su beca.<\/p>\n","protected":false},"excerpt":{"rendered":"<p>Alejandro \u00c1vila Boca del R\u00edo, Ver.- El entrenador de para atletismo Rub\u00e9n Arrieta Ortiz mantiene una demanda contra el Instituto Veracruzano del Deporte por falta de pago desde el 2020. La ma\u00f1ana de este mi\u00e9rcoles el entrenador se manifest\u00f3 afuera de las instalaciones del IVD reclamando la falta de pago de su beca, pues afirma [&hellip;]<\/p>\n","protected":false},"author":2476,"featured_media":56087,"comment_status":"open","ping_status":"open","sticky":false,"template":"","format":"standard","meta":{"_jetpack_memberships_contains_paid_content":false,"footnotes":""},"categories":[2],"tags":[],"class_list":["post-56086","post","type-post","status-publish","format-standard","has-post-thumbnail","hentry","category-estado"],"jetpack_featured_media_url":"https:\/\/encuentroinformativo.com.mx\/wp-content\/uploads\/2024\/06\/IMG-20240626-WA0040.jpg","jetpack_sharing_enabled":true,"jetpack_likes_enabled":true,"amp_enabled":true,"_links":{"self":[{"href":"https:\/\/encuentroinformativo.com.mx\/index.php?rest_route=\/wp\/v2\/posts\/56086","targetHints":{"allow":["GET"]}}],"collection":[{"href":"https:\/\/encuentroinformativo.com.mx\/index.php?rest_route=\/wp\/v2\/posts"}],"about":[{"href":"https:\/\/encuentroinformativo.com.mx\/index.php?rest_route=\/wp\/v2\/types\/post"}],"author":[{"embeddable":true,"href":"https:\/\/encuentroinformativo.com.mx\/index.php?rest_route=\/wp\/v2\/users\/2476"}],"replies":[{"embeddable":true,"href":"https:\/\/encuentroinformativo.com.mx\/index.php?rest_route=%2Fwp%2Fv2%2Fcomments&post=56086"}],"version-history":[{"count":1,"href":"https:\/\/encuentroinformativo.com.mx\/index.php?rest_route=\/wp\/v2\/posts\/56086\/revisions"}],"predecessor-version":[{"id":56088,"href":"https:\/\/encuentroinformativo.com.mx\/index.php?rest_route=\/wp\/v2\/posts\/56086\/revisions\/56088"}],"wp:featuredmedia":[{"embeddable":true,"href":"https:\/\/encuentroinformativo.com.mx\/index.php?rest_route=\/wp\/v2\/media\/56087"}],"wp:attachment":[{"href":"https:\/\/encuentroinformativo.com.mx\/index.php?rest_route=%2Fwp%2Fv2%2Fmedia&parent=56086"}],"wp:term":[{"taxonomy":"category","embeddable":true,"href":"https:\/\/encuentroinformativo.com.mx\/index.php?rest_route=%2Fwp%2Fv2%2Fcategories&post=56086"},{"taxonomy":"post_tag","embeddable":true,"href":"https:\/\/encuentroinformativo.com.mx\/index.php?rest_route=%2Fwp%2Fv2%2Ftags&post=56086"}],"curies":[{"name":"wp","href":"https:\/\/api.w.org\/{rel}","templated":true}]}}