{"id":56092,"date":"2024-06-26T12:49:16","date_gmt":"2024-06-26T18:49:16","guid":{"rendered":"https:\/\/encuentroinformativo.com.mx\/?p=56092"},"modified":"2024-06-26T12:49:40","modified_gmt":"2024-06-26T18:49:40","slug":"incendios-forestales-danaron-mas-de-8-mil-hectareas-hay-denuncias-penales","status":"publish","type":"post","link":"https:\/\/encuentroinformativo.com.mx\/?p=56092","title":{"rendered":"Incendios forestales da\u00f1aron m\u00e1s de 8 mil hect\u00e1reas; hay denuncias penales"},"content":{"rendered":"\n<p><strong>Dar\u00edo Pale <\/strong><\/p>\n\n\n\n<p>Xalapa, Ver.- Incendios han afectado 8 mil 500 hect\u00e1reas y hay 10 denuncias penales, un detenido, la Fiscal\u00eda General del Estado (FGE) ejecutar\u00e1 otra orden de aprehensi\u00f3n en Veracruz por incendio en San Juli\u00e1n, as\u00ed lo dio a conocer el secretario de Medio Ambiental, Juan Carlos Contreras Bautista.<\/p>\n\n\n\n<p>En conferencia de prensa detall\u00f3 que el saldo total por los pasados incendios forestales en m\u00e1s de 23 municipios, fue de 8 mil 500 hect\u00e1reas siniestradas, hasta este d\u00eda.<\/p>\n\n\n\n<p>Por todos estos acontecimientos que en su mayor\u00eda fueron provocados, se han presentado 10 denuncias y hay una persona detenida por los incendios en la tepetzilera, en el municipio de Perote.<\/p>\n\n\n\n<p>Record\u00f3 que en 2019, el saldo de hect\u00e1reas afectadas por incendios fue de un total de 11 mil, por ser un a\u00f1o muy seco, pero este a\u00f1o lo fue m\u00e1s, sin embargo, no se super\u00f3.<\/p>\n\n\n\n<p>Coment\u00f3 que la temporada de incendios ya se cerr\u00f3 una vez que iniciaron las lluvias, pero aclar\u00f3 que el conteo final de los incendios se cierra hasta diciembre, porque todav\u00eda puede haber algunas semanas secas y pueden presentarse algunos otros.<\/p>\n\n\n\n<p>&#8220;Lo que s\u00ed es que no vamos a llegar a las 11 mil hect\u00e1reas, en la p\u00e1gina de Conafor reportamos todas las brigadas y hoy tenemos una afectaci\u00f3n de 8 mil 500 hect\u00e1reas&#8221;, recalc\u00f3.<\/p>\n\n\n\n<p>Puntualiz\u00f3 que en 2019 se quemaron 11 mil, posteriormente en 2020 fueron 4 mil, en 2021 sumaron 2 mil 500, mientras que este 2024 suman 8 mil 500.<\/p>\n\n\n\n<p>&#8220;Este a\u00f1o fue m\u00e1s seco, pero no sobrepasamos el 2019. Ya hab\u00edamos pronosticado un aumento y nuestro l\u00edmite era no pasar de un a\u00f1o ca\u00f3tico como fue el 2019 y afortunadamente lo logramos&#8221;, agreg\u00f3.<\/p>\n\n\n\n<p>En ese sentido, aclar\u00f3 que el n\u00famero de incendios fue mucho menor hasta en un 80 por ciento.<\/p>\n\n\n\n<p>El Secretario revel\u00f3 que en el caso de los incendios en Perote, se dieron cuenta de que la persona detenida provocaba los incendios en la tepetzilera cada semana, por cuestiones personales.<\/p>\n\n\n\n<p>Dicha persona fue puesta a disposici\u00f3n de las autoridades hace aproximadamente dos meses, por lo que eliminaron los incendios en ese lugar.<\/p>\n\n\n\n<p>Las otras denuncias fueron interpuestas en la zona centro, en Orizaba, porque se encontraron residuos de combustible, as\u00ed como en La Cortadura, en el municipio de Coatepec, donde tambi\u00e9n se demostr\u00f3 que hab\u00eda residuos de hidrocarburos en las orillas de los incendios.<\/p>\n\n\n\n<p>A\u00f1adi\u00f3 que en el municipio de Veracruz, en San Juli\u00e1n, es donde otra persona fue identificada, por lo que la Fiscal\u00eda General del Estado est\u00e1 en proceso de ejecutar una orden de aprehensi\u00f3n.<\/p>\n\n\n\n<p>Finalmente explic\u00f3 que posiblemente el objetivo de provocar los incendios por parte de algunas personas obedezca al cambio de uso de suelo para que sean usados para la agricultura.<\/p>\n","protected":false},"excerpt":{"rendered":"<p>Dar\u00edo Pale Xalapa, Ver.- Incendios han afectado 8 mil 500 hect\u00e1reas y hay 10 denuncias penales, un detenido, la Fiscal\u00eda General del Estado (FGE) ejecutar\u00e1 otra orden de aprehensi\u00f3n en Veracruz por incendio en San Juli\u00e1n, as\u00ed lo dio a conocer el secretario de Medio Ambiental, Juan Carlos Contreras Bautista. En conferencia de prensa detall\u00f3 [&hellip;]<\/p>\n","protected":false},"author":2476,"featured_media":27524,"comment_status":"open","ping_status":"open","sticky":false,"template":"","format":"standard","meta":{"_jetpack_memberships_contains_paid_content":false,"footnotes":""},"categories":[2],"tags":[],"class_list":["post-56092","post","type-post","status-publish","format-standard","has-post-thumbnail","hentry","category-estado"],"jetpack_featured_media_url":"https:\/\/encuentroinformativo.com.mx\/wp-content\/uploads\/2022\/05\/9D6C2C5B-2C30-40C8-932E-FB78703C54B6.jpeg","jetpack_sharing_enabled":true,"jetpack_likes_enabled":true,"amp_enabled":true,"_links":{"self":[{"href":"https:\/\/encuentroinformativo.com.mx\/index.php?rest_route=\/wp\/v2\/posts\/56092","targetHints":{"allow":["GET"]}}],"collection":[{"href":"https:\/\/encuentroinformativo.com.mx\/index.php?rest_route=\/wp\/v2\/posts"}],"about":[{"href":"https:\/\/encuentroinformativo.com.mx\/index.php?rest_route=\/wp\/v2\/types\/post"}],"author":[{"embeddable":true,"href":"https:\/\/encuentroinformativo.com.mx\/index.php?rest_route=\/wp\/v2\/users\/2476"}],"replies":[{"embeddable":true,"href":"https:\/\/encuentroinformativo.com.mx\/index.php?rest_route=%2Fwp%2Fv2%2Fcomments&post=56092"}],"version-history":[{"count":1,"href":"https:\/\/encuentroinformativo.com.mx\/index.php?rest_route=\/wp\/v2\/posts\/56092\/revisions"}],"predecessor-version":[{"id":56093,"href":"https:\/\/encuentroinformativo.com.mx\/index.php?rest_route=\/wp\/v2\/posts\/56092\/revisions\/56093"}],"wp:featuredmedia":[{"embeddable":true,"href":"https:\/\/encuentroinformativo.com.mx\/index.php?rest_route=\/wp\/v2\/media\/27524"}],"wp:attachment":[{"href":"https:\/\/encuentroinformativo.com.mx\/index.php?rest_route=%2Fwp%2Fv2%2Fmedia&parent=56092"}],"wp:term":[{"taxonomy":"category","embeddable":true,"href":"https:\/\/encuentroinformativo.com.mx\/index.php?rest_route=%2Fwp%2Fv2%2Fcategories&post=56092"},{"taxonomy":"post_tag","embeddable":true,"href":"https:\/\/encuentroinformativo.com.mx\/index.php?rest_route=%2Fwp%2Fv2%2Ftags&post=56092"}],"curies":[{"name":"wp","href":"https:\/\/api.w.org\/{rel}","templated":true}]}}