{"id":56094,"date":"2024-06-26T12:59:08","date_gmt":"2024-06-26T18:59:08","guid":{"rendered":"https:\/\/encuentroinformativo.com.mx\/?p=56094"},"modified":"2024-06-26T12:59:21","modified_gmt":"2024-06-26T18:59:21","slug":"convocan-a-participar-en-restauracion-ecologica-de-las-vigas","status":"publish","type":"post","link":"https:\/\/encuentroinformativo.com.mx\/?p=56094","title":{"rendered":"Convocan a participar en restauraci\u00f3n ecol\u00f3gica de Las Vigas"},"content":{"rendered":"\n<p><strong>Dar\u00edo Pale<\/strong><\/p>\n\n\n\n<p>Xalapa, Ver.- Invitan a la poblaci\u00f3n en general a sumarse a realizar una restauraci\u00f3n ecol\u00f3gica en una zona ejidal, as\u00ed lo dieron a conocer j\u00f3venes integrantes de la Asociaci\u00f3n Civil Ra\u00edces del Ma\u00f1ana conformada por seis j\u00f3venes originarios de Las Vigas.<\/p>\n\n\n\n<p>En conferencia de prensa Ricardo Arriaga, indic\u00f3 que se trata de un proyecto de seis j\u00f3venes emprendedores que busca el cuidado del medio ambiente con la plantaci\u00f3n de \u00e1rboles y esta dividido en tres ejes: sembrar y reforestar, \u00a0crear conciencia del cuidado del agua y medio ambiente y la vigilancia para qu\u00e9 la plantaci\u00f3n llegue a su fin.\u00a0<\/p>\n\n\n\n<p>Indicaron adem\u00e1s que se realiz\u00f3 un estudio de la zona y se busca restaurar pero manteniendo un equilibrio de las especies.\u00a0<\/p>\n\n\n\n<p>La reforestacion ser\u00e1 el pr\u00f3ximo 14 de julio en El llanillo en la parte alta de Las Vigas en zona ejidal cerca de la reserva de San Juan del Monte ejido de Las Vigas.\u00a0<\/p>\n\n\n\n<p>Por su parte, Iveth Hern\u00e1ndez, se\u00f1al\u00f3 que tambi\u00e9n se busca que la ciudadan\u00eda done arbolitos y se sumen con mano de obra, pues se busca recaudar 10 mil \u00e1rboles.\u00a0<\/p>\n\n\n\n<p>En este sentido, agregaron que a esta iniciativa se est\u00e1n sumando familias vigue\u00f1as, comerciantes y empresarios y ya se han reunido 5 mil \u00e1rboles.\u00a0<\/p>\n\n\n\n<p>Finalmente, precisaron que se plantar\u00e1n pinos en una zona de 5 a 8 hect\u00e1reas.<\/p>\n\n\n\n<figure class=\"wp-block-image size-large\"><img loading=\"lazy\" decoding=\"async\" width=\"1024\" height=\"508\" src=\"https:\/\/encuentroinformativo.com.mx\/wp-content\/uploads\/2024\/06\/1000330946-1024x508.jpg\" alt=\"\" class=\"wp-image-56096\" srcset=\"https:\/\/encuentroinformativo.com.mx\/wp-content\/uploads\/2024\/06\/1000330946-1024x508.jpg 1024w, https:\/\/encuentroinformativo.com.mx\/wp-content\/uploads\/2024\/06\/1000330946-300x149.jpg 300w, https:\/\/encuentroinformativo.com.mx\/wp-content\/uploads\/2024\/06\/1000330946-768x381.jpg 768w, https:\/\/encuentroinformativo.com.mx\/wp-content\/uploads\/2024\/06\/1000330946.jpg 1156w\" sizes=\"auto, (max-width: 1024px) 100vw, 1024px\" \/><\/figure>\n","protected":false},"excerpt":{"rendered":"<p>Dar\u00edo Pale Xalapa, Ver.- Invitan a la poblaci\u00f3n en general a sumarse a realizar una restauraci\u00f3n ecol\u00f3gica en una zona ejidal, as\u00ed lo dieron a conocer j\u00f3venes integrantes de la Asociaci\u00f3n Civil Ra\u00edces del Ma\u00f1ana conformada por seis j\u00f3venes originarios de Las Vigas. En conferencia de prensa Ricardo Arriaga, indic\u00f3 que se trata de un [&hellip;]<\/p>\n","protected":false},"author":2476,"featured_media":56095,"comment_status":"open","ping_status":"open","sticky":false,"template":"","format":"standard","meta":{"_jetpack_memberships_contains_paid_content":false,"footnotes":""},"categories":[8],"tags":[],"class_list":["post-56094","post","type-post","status-publish","format-standard","has-post-thumbnail","hentry","category-region"],"jetpack_featured_media_url":"https:\/\/encuentroinformativo.com.mx\/wp-content\/uploads\/2024\/06\/IMG-20240626-WA0043.jpg","jetpack_sharing_enabled":true,"jetpack_likes_enabled":true,"amp_enabled":true,"_links":{"self":[{"href":"https:\/\/encuentroinformativo.com.mx\/index.php?rest_route=\/wp\/v2\/posts\/56094","targetHints":{"allow":["GET"]}}],"collection":[{"href":"https:\/\/encuentroinformativo.com.mx\/index.php?rest_route=\/wp\/v2\/posts"}],"about":[{"href":"https:\/\/encuentroinformativo.com.mx\/index.php?rest_route=\/wp\/v2\/types\/post"}],"author":[{"embeddable":true,"href":"https:\/\/encuentroinformativo.com.mx\/index.php?rest_route=\/wp\/v2\/users\/2476"}],"replies":[{"embeddable":true,"href":"https:\/\/encuentroinformativo.com.mx\/index.php?rest_route=%2Fwp%2Fv2%2Fcomments&post=56094"}],"version-history":[{"count":1,"href":"https:\/\/encuentroinformativo.com.mx\/index.php?rest_route=\/wp\/v2\/posts\/56094\/revisions"}],"predecessor-version":[{"id":56097,"href":"https:\/\/encuentroinformativo.com.mx\/index.php?rest_route=\/wp\/v2\/posts\/56094\/revisions\/56097"}],"wp:featuredmedia":[{"embeddable":true,"href":"https:\/\/encuentroinformativo.com.mx\/index.php?rest_route=\/wp\/v2\/media\/56095"}],"wp:attachment":[{"href":"https:\/\/encuentroinformativo.com.mx\/index.php?rest_route=%2Fwp%2Fv2%2Fmedia&parent=56094"}],"wp:term":[{"taxonomy":"category","embeddable":true,"href":"https:\/\/encuentroinformativo.com.mx\/index.php?rest_route=%2Fwp%2Fv2%2Fcategories&post=56094"},{"taxonomy":"post_tag","embeddable":true,"href":"https:\/\/encuentroinformativo.com.mx\/index.php?rest_route=%2Fwp%2Fv2%2Ftags&post=56094"}],"curies":[{"name":"wp","href":"https:\/\/api.w.org\/{rel}","templated":true}]}}