{"id":56105,"date":"2024-06-26T21:03:39","date_gmt":"2024-06-27T03:03:39","guid":{"rendered":"https:\/\/encuentroinformativo.com.mx\/?p=56105"},"modified":"2024-06-26T21:03:50","modified_gmt":"2024-06-27T03:03:50","slug":"lluvias-dejan-afectaciones-en-colonias-xalapenas","status":"publish","type":"post","link":"https:\/\/encuentroinformativo.com.mx\/?p=56105","title":{"rendered":"Lluvias dejan afectaciones en colonias xalape\u00f1as"},"content":{"rendered":"\n<p><strong>Juan Arcos <\/strong><\/p>\n\n\n\n<p>Xalapa, Ver.- La tarde de este mi\u00e9rcoles se registraron fuertes lluvias en la ciudad de Xalapa, la capital de Veracruz, que dejaron avenidas con anegamientos, derrumbes y deslizamientos que da\u00f1aron algunas viviendas en colonias de la periferia.<\/p>\n\n\n\n<p>El director de Protecci\u00f3n Civil del ayuntamiento de Xalapa, Luis Sardi\u00f1a Salgado, detall\u00f3 que los deslizamientos de tierra ocurrieron en las colonias Fernando Guti\u00e9rrez Barrios y Plan de Ayala, donde solo se reportan da\u00f1os a algunas viviendas.<\/p>\n\n\n\n<p>\u201cLamentablemente el deslave cay\u00f3 hacia la zona de una vivienda humilde de l\u00e1mina, de madera, de cart\u00f3n, no hay v\u00edctimas, las personas decidieron irse con sus vecinos, no quieren ir a albergue\u201d, expres\u00f3 el funcionario.<\/p>\n\n\n\n<p>Tambi\u00e9n se report\u00f3 un derrumbe sobre la carretera estatal que comunica a la congregaci\u00f3n El Castillo con la colonia 6 de Enero, donde no hay paso y se resguarda la zona para evitar que los automovilistas intenten cruzar.<\/p>\n\n\n\n<p>El entrevistado detall\u00f3 que la Direcci\u00f3n de Protecci\u00f3n Civil recibi\u00f3 reportes por encharcamientos en calles y avenidas, la ca\u00edda de tres \u00e1rboles, as\u00ed como de un poste de la Comisi\u00f3n Federal de Electricidad (CFE), lo que est\u00e1 siendo atendido.<\/p>\n\n\n\n<p>En redes sociales circulan fotograf\u00edas sobre los anegamientos en la calle Jes\u00fas L\u00f3pez Dom\u00ednguez, a un costado de Plaza Museo, donde un autom\u00f3vil qued\u00f3 atrapado en el agua.<\/p>\n\n\n\n<p>Tambi\u00e9n se reportaron encharcamientos que dificultaron la circulaci\u00f3n vehicular sobre las avenidas L\u00e1zaro C\u00e1rdenas y Adolfo Ruiz Cortines.<\/p>\n\n\n\n<p>Luis Sardi\u00f1a alert\u00f3 a la poblaci\u00f3n que habita entre cerros y en zonas de alto riesgo para que tenga mucho cuidado ante posibles deslaves, ya que las lluvias han ocasionado el reblandecimiento de la tierra.<\/p>\n\n\n\n<p>A\u00f1adi\u00f3 que en caso de que una familia requiera apoyo de protecci\u00f3n civil por estas situaciones pueden comunicarse a los n\u00fameros telef\u00f3nicos 2288421206, 2288404220 y 2288900794.<\/p>\n","protected":false},"excerpt":{"rendered":"<p>Juan Arcos Xalapa, Ver.- La tarde de este mi\u00e9rcoles se registraron fuertes lluvias en la ciudad de Xalapa, la capital de Veracruz, que dejaron avenidas con anegamientos, derrumbes y deslizamientos que da\u00f1aron algunas viviendas en colonias de la periferia. El director de Protecci\u00f3n Civil del ayuntamiento de Xalapa, Luis Sardi\u00f1a Salgado, detall\u00f3 que los deslizamientos [&hellip;]<\/p>\n","protected":false},"author":2476,"featured_media":56106,"comment_status":"open","ping_status":"open","sticky":false,"template":"","format":"standard","meta":{"_jetpack_memberships_contains_paid_content":false,"footnotes":""},"categories":[3],"tags":[],"class_list":["post-56105","post","type-post","status-publish","format-standard","has-post-thumbnail","hentry","category-xalapa"],"jetpack_featured_media_url":"https:\/\/encuentroinformativo.com.mx\/wp-content\/uploads\/2024\/06\/IMG_9982.jpg","jetpack_sharing_enabled":true,"jetpack_likes_enabled":true,"amp_enabled":true,"_links":{"self":[{"href":"https:\/\/encuentroinformativo.com.mx\/index.php?rest_route=\/wp\/v2\/posts\/56105","targetHints":{"allow":["GET"]}}],"collection":[{"href":"https:\/\/encuentroinformativo.com.mx\/index.php?rest_route=\/wp\/v2\/posts"}],"about":[{"href":"https:\/\/encuentroinformativo.com.mx\/index.php?rest_route=\/wp\/v2\/types\/post"}],"author":[{"embeddable":true,"href":"https:\/\/encuentroinformativo.com.mx\/index.php?rest_route=\/wp\/v2\/users\/2476"}],"replies":[{"embeddable":true,"href":"https:\/\/encuentroinformativo.com.mx\/index.php?rest_route=%2Fwp%2Fv2%2Fcomments&post=56105"}],"version-history":[{"count":1,"href":"https:\/\/encuentroinformativo.com.mx\/index.php?rest_route=\/wp\/v2\/posts\/56105\/revisions"}],"predecessor-version":[{"id":56107,"href":"https:\/\/encuentroinformativo.com.mx\/index.php?rest_route=\/wp\/v2\/posts\/56105\/revisions\/56107"}],"wp:featuredmedia":[{"embeddable":true,"href":"https:\/\/encuentroinformativo.com.mx\/index.php?rest_route=\/wp\/v2\/media\/56106"}],"wp:attachment":[{"href":"https:\/\/encuentroinformativo.com.mx\/index.php?rest_route=%2Fwp%2Fv2%2Fmedia&parent=56105"}],"wp:term":[{"taxonomy":"category","embeddable":true,"href":"https:\/\/encuentroinformativo.com.mx\/index.php?rest_route=%2Fwp%2Fv2%2Fcategories&post=56105"},{"taxonomy":"post_tag","embeddable":true,"href":"https:\/\/encuentroinformativo.com.mx\/index.php?rest_route=%2Fwp%2Fv2%2Ftags&post=56105"}],"curies":[{"name":"wp","href":"https:\/\/api.w.org\/{rel}","templated":true}]}}