{"id":56122,"date":"2024-06-27T11:58:19","date_gmt":"2024-06-27T17:58:19","guid":{"rendered":"https:\/\/encuentroinformativo.com.mx\/?p=56122"},"modified":"2024-06-27T11:58:29","modified_gmt":"2024-06-27T17:58:29","slug":"coronan-a-los-reyes-lgbtq-del-carnaval-de-veracruz-2024","status":"publish","type":"post","link":"https:\/\/encuentroinformativo.com.mx\/?p=56122","title":{"rendered":"Coronan a los reyes LGBTQ+ del Carnaval de Veracruz 2024"},"content":{"rendered":"\n<p><strong>Alejandro \u00c1vila<\/strong><\/p>\n\n\n\n<p>Veracruz, Ver.- La Asociaci\u00f3n Civil &#8220;Por un Veracruz sin Discriminaci\u00f3n&#8221; coron\u00f3 la noche de este mi\u00e9rcoles a su Corte Real LGBTQ+ del Carnaval de Veracruz 2024.<\/p>\n\n\n\n<p>Michelle Engel Sandoval y C\u00e9sar de Alegr\u00eda son los nuevos soberanos, los cuales lucieron tonos rojo con dorado haci\u00e9ndoles ver imponentes y muy carnestolendos.<\/p>\n\n\n\n<p>Ante una concurrida y euf\u00f3rica asistencia que abarrot\u00f3 el sal\u00f3n Dos Bocas de la CFE del Puerto de Veracruz, las majestades Michelle y C\u00e9sar arribaron al escenario para ser coronados por los reyes salientes: Flypy Morales y Adal Lirat.<\/p>\n\n\n\n<p>Sobresali\u00f3 el poderoso mensaje que dirigi\u00f3 a la comunidad LGBTQ+ Flypy Morales, titular de Por un Veracruz sin Discriminaci\u00f3n (PUVSD) en el que destac\u00f3 importantes temas como respeto, tolerancia, amor e inclusi\u00f3n.<\/p>\n\n\n\n<p>Cabe precisar que a la m\u00e1gica y colorida velada de coronaci\u00f3n asistieron diversas personalidades entre funcionarios, reinas de belleza, activistas y la Princesa electa del Carnaval de Veracruz 2024, Alessandra Carvajal Rodr\u00edguez.<\/p>\n\n\n\n<p>Hay que hacer menci\u00f3n de la elegancia y colorido del Rey de la Diversidad C\u00e9sar de Alegr\u00eda, quien luci\u00f3 un impactante ajuar del prestigiado dise\u00f1ador Jos\u00e9 Luis F\u00e9rez en tonos rojo y dorado resaltando las plumas y miles de finos cristales.<\/p>\n\n\n\n<p>Como carnet musical se present\u00f3 el espect\u00e1culo teatral de parodia &#8220;La Huaca Mi Barrio\u201d donde se entrelaz\u00f3 la comedia, el drama, los bufes con imitaciones de celebridades del canto a nivel nacional e internacional y cerrando con broche de oro la espectacular presencia de la mejor transformista de Veracruz, M\u00f3nica de la Torre \u201cM\u00e1s que un show y espect\u00e1culo\u201d.<\/p>\n\n\n\n<p>Con la coronaci\u00f3n de su Corte Real LGBT1+ 2024, la asociaci\u00f3n civil \u201cPor un Veracruz sin Discriminaci\u00f3n\u201d escribe un nuevo rengl\u00f3n en la historia del Carnaval de Veracruz que este a\u00f1o celebra su primer centenario.<\/p>\n","protected":false},"excerpt":{"rendered":"<p>Alejandro \u00c1vila Veracruz, Ver.- La Asociaci\u00f3n Civil &#8220;Por un Veracruz sin Discriminaci\u00f3n&#8221; coron\u00f3 la noche de este mi\u00e9rcoles a su Corte Real LGBTQ+ del Carnaval de Veracruz 2024. Michelle Engel Sandoval y C\u00e9sar de Alegr\u00eda son los nuevos soberanos, los cuales lucieron tonos rojo con dorado haci\u00e9ndoles ver imponentes y muy carnestolendos. Ante una concurrida [&hellip;]<\/p>\n","protected":false},"author":2476,"featured_media":56123,"comment_status":"open","ping_status":"open","sticky":false,"template":"","format":"standard","meta":{"_jetpack_memberships_contains_paid_content":false,"footnotes":""},"categories":[2],"tags":[],"class_list":["post-56122","post","type-post","status-publish","format-standard","has-post-thumbnail","hentry","category-estado"],"jetpack_featured_media_url":"https:\/\/encuentroinformativo.com.mx\/wp-content\/uploads\/2024\/06\/IMG-20240627-WA0063.jpg","jetpack_sharing_enabled":true,"jetpack_likes_enabled":true,"amp_enabled":true,"_links":{"self":[{"href":"https:\/\/encuentroinformativo.com.mx\/index.php?rest_route=\/wp\/v2\/posts\/56122","targetHints":{"allow":["GET"]}}],"collection":[{"href":"https:\/\/encuentroinformativo.com.mx\/index.php?rest_route=\/wp\/v2\/posts"}],"about":[{"href":"https:\/\/encuentroinformativo.com.mx\/index.php?rest_route=\/wp\/v2\/types\/post"}],"author":[{"embeddable":true,"href":"https:\/\/encuentroinformativo.com.mx\/index.php?rest_route=\/wp\/v2\/users\/2476"}],"replies":[{"embeddable":true,"href":"https:\/\/encuentroinformativo.com.mx\/index.php?rest_route=%2Fwp%2Fv2%2Fcomments&post=56122"}],"version-history":[{"count":1,"href":"https:\/\/encuentroinformativo.com.mx\/index.php?rest_route=\/wp\/v2\/posts\/56122\/revisions"}],"predecessor-version":[{"id":56124,"href":"https:\/\/encuentroinformativo.com.mx\/index.php?rest_route=\/wp\/v2\/posts\/56122\/revisions\/56124"}],"wp:featuredmedia":[{"embeddable":true,"href":"https:\/\/encuentroinformativo.com.mx\/index.php?rest_route=\/wp\/v2\/media\/56123"}],"wp:attachment":[{"href":"https:\/\/encuentroinformativo.com.mx\/index.php?rest_route=%2Fwp%2Fv2%2Fmedia&parent=56122"}],"wp:term":[{"taxonomy":"category","embeddable":true,"href":"https:\/\/encuentroinformativo.com.mx\/index.php?rest_route=%2Fwp%2Fv2%2Fcategories&post=56122"},{"taxonomy":"post_tag","embeddable":true,"href":"https:\/\/encuentroinformativo.com.mx\/index.php?rest_route=%2Fwp%2Fv2%2Ftags&post=56122"}],"curies":[{"name":"wp","href":"https:\/\/api.w.org\/{rel}","templated":true}]}}