{"id":56141,"date":"2024-06-27T21:22:49","date_gmt":"2024-06-28T03:22:49","guid":{"rendered":"https:\/\/encuentroinformativo.com.mx\/?p=56141"},"modified":"2024-06-27T21:23:07","modified_gmt":"2024-06-28T03:23:07","slug":"se-realizo-sesion-ordinaria-de-consejo-estatal-de-seguridad-publica","status":"publish","type":"post","link":"https:\/\/encuentroinformativo.com.mx\/?p=56141","title":{"rendered":"Se realiz\u00f3 sesi\u00f3n ordinaria de Consejo Estatal de Seguridad P\u00fablica"},"content":{"rendered":"\n<p>Boca del R\u00edo, Ver.- Este d\u00eda, en las instalaciones del Word Trade Center, presididas por el Gob. Cuitl\u00e1huac Garc\u00eda Jim\u00e9nez, se llevaron a cabo la S\u00e9ptima Sesi\u00f3n Extraordinaria y en la D\u00e9cima Segunda Sesi\u00f3n Ordinaria del Consejo Estatal de Seguridad P\u00fablica.<\/p>\n\n\n\n<p>La cual cont\u00f3 con la participaci\u00f3n del Secretario de Gobierno, el Secretario de Seguridad P\u00fablica, la Fiscal General del Estado, el Secretario Ejecutivo del Sistema y del Consejo Estatal de Seguridad P\u00fablica, Mandos Militares, la Diputada Presidenta de la Mesa Directiva del Congreso Local.<\/p>\n\n\n\n<p>As\u00ed como Funcionarios de Gobierno y Presidentes Municipales integrantes del Consejo Estatal de Seguridad P\u00fablica, donde se present\u00f3 un informe detallado que destaca las acciones emprendidas por el Gobierno del Estado de Veracruz, el Gobierno Federal, el Poder Judicial del Estado y la Fiscal\u00eda General.<\/p>\n\n\n\n<p>Adem\u00e1s, se dio seguimiento a los acuerdos tomados en anteriores reuniones del Consejo. Se destacaron los informes presentados sobre las actividades de la Secretar\u00eda Ejecutiva del Sistema y del Consejo Estatal de Seguridad P\u00fablica, adem\u00e1s de los Indicadores Municipales del Modelo Nacional de Polic\u00eda y Justicia C\u00edvica.<\/p>\n\n\n\n<p>La Cuarta Transformaci\u00f3n requiere de la suma de esfuerzos de autoridades de los tres \u00f3rdenes de gobierno, para impulsar las acciones de seguridad y protecci\u00f3n ciudadana.<\/p>\n\n\n\n<figure class=\"wp-block-image size-large\"><img loading=\"lazy\" decoding=\"async\" width=\"1024\" height=\"682\" src=\"https:\/\/encuentroinformativo.com.mx\/wp-content\/uploads\/2024\/06\/1000331821-1024x682.jpg\" alt=\"\" class=\"wp-image-56143\" srcset=\"https:\/\/encuentroinformativo.com.mx\/wp-content\/uploads\/2024\/06\/1000331821-1024x682.jpg 1024w, https:\/\/encuentroinformativo.com.mx\/wp-content\/uploads\/2024\/06\/1000331821-300x200.jpg 300w, https:\/\/encuentroinformativo.com.mx\/wp-content\/uploads\/2024\/06\/1000331821-768x512.jpg 768w, https:\/\/encuentroinformativo.com.mx\/wp-content\/uploads\/2024\/06\/1000331821.jpg 1280w\" sizes=\"auto, (max-width: 1024px) 100vw, 1024px\" \/><\/figure>\n","protected":false},"excerpt":{"rendered":"<p>Boca del R\u00edo, Ver.- Este d\u00eda, en las instalaciones del Word Trade Center, presididas por el Gob. Cuitl\u00e1huac Garc\u00eda Jim\u00e9nez, se llevaron a cabo la S\u00e9ptima Sesi\u00f3n Extraordinaria y en la D\u00e9cima Segunda Sesi\u00f3n Ordinaria del Consejo Estatal de Seguridad P\u00fablica. La cual cont\u00f3 con la participaci\u00f3n del Secretario de Gobierno, el Secretario de Seguridad [&hellip;]<\/p>\n","protected":false},"author":2476,"featured_media":56142,"comment_status":"open","ping_status":"open","sticky":false,"template":"","format":"standard","meta":{"_jetpack_memberships_contains_paid_content":false,"footnotes":""},"categories":[2],"tags":[],"class_list":["post-56141","post","type-post","status-publish","format-standard","has-post-thumbnail","hentry","category-estado"],"jetpack_featured_media_url":"https:\/\/encuentroinformativo.com.mx\/wp-content\/uploads\/2024\/06\/IMG-20240627-WA0114.jpg","jetpack_sharing_enabled":true,"jetpack_likes_enabled":true,"amp_enabled":true,"_links":{"self":[{"href":"https:\/\/encuentroinformativo.com.mx\/index.php?rest_route=\/wp\/v2\/posts\/56141","targetHints":{"allow":["GET"]}}],"collection":[{"href":"https:\/\/encuentroinformativo.com.mx\/index.php?rest_route=\/wp\/v2\/posts"}],"about":[{"href":"https:\/\/encuentroinformativo.com.mx\/index.php?rest_route=\/wp\/v2\/types\/post"}],"author":[{"embeddable":true,"href":"https:\/\/encuentroinformativo.com.mx\/index.php?rest_route=\/wp\/v2\/users\/2476"}],"replies":[{"embeddable":true,"href":"https:\/\/encuentroinformativo.com.mx\/index.php?rest_route=%2Fwp%2Fv2%2Fcomments&post=56141"}],"version-history":[{"count":1,"href":"https:\/\/encuentroinformativo.com.mx\/index.php?rest_route=\/wp\/v2\/posts\/56141\/revisions"}],"predecessor-version":[{"id":56144,"href":"https:\/\/encuentroinformativo.com.mx\/index.php?rest_route=\/wp\/v2\/posts\/56141\/revisions\/56144"}],"wp:featuredmedia":[{"embeddable":true,"href":"https:\/\/encuentroinformativo.com.mx\/index.php?rest_route=\/wp\/v2\/media\/56142"}],"wp:attachment":[{"href":"https:\/\/encuentroinformativo.com.mx\/index.php?rest_route=%2Fwp%2Fv2%2Fmedia&parent=56141"}],"wp:term":[{"taxonomy":"category","embeddable":true,"href":"https:\/\/encuentroinformativo.com.mx\/index.php?rest_route=%2Fwp%2Fv2%2Fcategories&post=56141"},{"taxonomy":"post_tag","embeddable":true,"href":"https:\/\/encuentroinformativo.com.mx\/index.php?rest_route=%2Fwp%2Fv2%2Ftags&post=56141"}],"curies":[{"name":"wp","href":"https:\/\/api.w.org\/{rel}","templated":true}]}}