{"id":56147,"date":"2024-06-28T12:21:03","date_gmt":"2024-06-28T18:21:03","guid":{"rendered":"https:\/\/encuentroinformativo.com.mx\/?p=56147"},"modified":"2024-06-28T12:21:12","modified_gmt":"2024-06-28T18:21:12","slug":"instala-dif-municipal-albergues-para-familias-afectadas-por-lluvias","status":"publish","type":"post","link":"https:\/\/encuentroinformativo.com.mx\/?p=56147","title":{"rendered":"Instala DIF municipal albergues para familias afectadas por lluvias"},"content":{"rendered":"\n<p><strong>Dar\u00edo Pale <\/strong><\/p>\n\n\n\n<p>Xalapa, Ver.- El Director del Sistema para el Desarrollo Integral para la Familia (DIF) de Xalapa Alejandro del \u00c1ngel Aguilar dio a conocer que cuentan con albergues y apoyo para poblaci\u00f3n afectada por lluvias.<\/p>\n\n\n\n<p>En entrevista se\u00f1al\u00f3 que, han recibido peticiones de l\u00e1minas y de alimentos de personas afectadas por las \u00faltimas lluvias en esta capital.\u00a0<\/p>\n\n\n\n<p>De acuerdo al director de este organismo, en las \u00faltimas semanas el DIF ha apoyado a unas 300 familias a trav\u00e9s de jornadas integrales de asistencia social donde llevan todos los apoyos.\u00a0<br>Dijo que cuentan con un albergue \u00a0disponible y que se pueden habilitar de forma inmediata de ser necesario.\u00a0<\/p>\n\n\n\n<p>Respecto a la poblaci\u00f3n de indigencia, precis\u00f3 que la mayor\u00eda de las personas en situaci\u00f3n de calle no aceptan el ofrecimiento de resguardarse en alg\u00fan albergue y que hay acuerdos del gobierno municipal para que sean atendidos en algunas casas de asistencia.\u00a0<\/p>\n\n\n\n<p>Finalmente coment\u00f3 que, hasta ahora han recibido dos llamados para asistir a dicha poblaci\u00f3n, pero en ambos casos no los han aceptado.<\/p>\n","protected":false},"excerpt":{"rendered":"<p>Dar\u00edo Pale Xalapa, Ver.- El Director del Sistema para el Desarrollo Integral para la Familia (DIF) de Xalapa Alejandro del \u00c1ngel Aguilar dio a conocer que cuentan con albergues y apoyo para poblaci\u00f3n afectada por lluvias. En entrevista se\u00f1al\u00f3 que, han recibido peticiones de l\u00e1minas y de alimentos de personas afectadas por las \u00faltimas lluvias [&hellip;]<\/p>\n","protected":false},"author":2476,"featured_media":56148,"comment_status":"open","ping_status":"open","sticky":false,"template":"","format":"standard","meta":{"_jetpack_memberships_contains_paid_content":false,"footnotes":""},"categories":[3],"tags":[],"class_list":["post-56147","post","type-post","status-publish","format-standard","has-post-thumbnail","hentry","category-xalapa"],"jetpack_featured_media_url":"https:\/\/encuentroinformativo.com.mx\/wp-content\/uploads\/2024\/06\/IMG-20240628-WA00162.jpg","jetpack_sharing_enabled":true,"jetpack_likes_enabled":true,"amp_enabled":true,"_links":{"self":[{"href":"https:\/\/encuentroinformativo.com.mx\/index.php?rest_route=\/wp\/v2\/posts\/56147","targetHints":{"allow":["GET"]}}],"collection":[{"href":"https:\/\/encuentroinformativo.com.mx\/index.php?rest_route=\/wp\/v2\/posts"}],"about":[{"href":"https:\/\/encuentroinformativo.com.mx\/index.php?rest_route=\/wp\/v2\/types\/post"}],"author":[{"embeddable":true,"href":"https:\/\/encuentroinformativo.com.mx\/index.php?rest_route=\/wp\/v2\/users\/2476"}],"replies":[{"embeddable":true,"href":"https:\/\/encuentroinformativo.com.mx\/index.php?rest_route=%2Fwp%2Fv2%2Fcomments&post=56147"}],"version-history":[{"count":1,"href":"https:\/\/encuentroinformativo.com.mx\/index.php?rest_route=\/wp\/v2\/posts\/56147\/revisions"}],"predecessor-version":[{"id":56149,"href":"https:\/\/encuentroinformativo.com.mx\/index.php?rest_route=\/wp\/v2\/posts\/56147\/revisions\/56149"}],"wp:featuredmedia":[{"embeddable":true,"href":"https:\/\/encuentroinformativo.com.mx\/index.php?rest_route=\/wp\/v2\/media\/56148"}],"wp:attachment":[{"href":"https:\/\/encuentroinformativo.com.mx\/index.php?rest_route=%2Fwp%2Fv2%2Fmedia&parent=56147"}],"wp:term":[{"taxonomy":"category","embeddable":true,"href":"https:\/\/encuentroinformativo.com.mx\/index.php?rest_route=%2Fwp%2Fv2%2Fcategories&post=56147"},{"taxonomy":"post_tag","embeddable":true,"href":"https:\/\/encuentroinformativo.com.mx\/index.php?rest_route=%2Fwp%2Fv2%2Ftags&post=56147"}],"curies":[{"name":"wp","href":"https:\/\/api.w.org\/{rel}","templated":true}]}}