{"id":5615,"date":"2020-09-07T14:25:28","date_gmt":"2020-09-07T19:25:28","guid":{"rendered":"https:\/\/encuentroinformativo.com\/?p=5615"},"modified":"2020-09-07T14:25:59","modified_gmt":"2020-09-07T19:25:59","slug":"alertas-de-genero-se-han-politizado-acusa-diputada","status":"publish","type":"post","link":"https:\/\/encuentroinformativo.com.mx\/?p=5615","title":{"rendered":"Alertas de g\u00e9nero se han politizado, acusa diputada"},"content":{"rendered":"\n<p><strong>Dar\u00edo Pale <\/strong><\/p>\n\n\n\n<p>Xalapa, Ver.- La diputada federal Dorheny Garc\u00eda Cayetano dio a conocer que las Alertas por Violencia de G\u00e9nero (AVG) deben ser revisadas porque han pedido su sentido de inmediatez, y tienen un tinte pol\u00edtico en los estados.<\/p>\n\n\n\n<p>Entrevistada posterior a la guardia de honor en el parque de Los Berros se\u00f1al\u00f3 que, &#8220;es una de las metas m\u00e1s importantes que a mi juicio hay que atender pero el gran tema es que hay que revisar las AVGs porque nos parece que han perdido su sentido de inmediatez, tienen un tinte pol\u00edtico en todos los estados\u201d.<\/p>\n\n\n\n<p>Incluso manifest\u00f3 que en ninguna entidad federativa han servido para mitigar la violencia contra las mujeres, &#8220;yo creo que se ha usado para bien y para mal, nadie quiere aceptarlas, aunque se haga la alerta, no ha servido para mitigar los efectos de la violencia. S\u00ed tiene recursos, est\u00e1n enfocados para incluso los refugios, es un conjunto, no es solo una acci\u00f3n que tiene que ver con la defensa de nosotras las mujeres, desde alumbrado p\u00fablicos, c\u00e1maras y toda una infraestructura&#8221;.<\/p>\n\n\n\n<p>Finalmente la legisladora federal insisti\u00f3 en el estado la violencia contra las mujeres no se ha detenido, se ha mejorado la coordinaci\u00f3n institucional con la Fiscal\u00eda General del Estado lo que es vital para investigar un feminicidio.<\/p>\n\n\n\n<p><\/p>\n","protected":false},"excerpt":{"rendered":"<p>Dar\u00edo Pale Xalapa, Ver.- La diputada federal Dorheny Garc\u00eda Cayetano dio a conocer que las Alertas por Violencia de G\u00e9nero (AVG) deben ser revisadas porque han pedido su sentido de inmediatez, y tienen un tinte pol\u00edtico en los estados. Entrevistada posterior a la guardia de honor en el parque de Los Berros se\u00f1al\u00f3 que, &#8220;es [&hellip;]<\/p>\n","protected":false},"author":1,"featured_media":5616,"comment_status":"open","ping_status":"open","sticky":false,"template":"","format":"standard","meta":{"_jetpack_memberships_contains_paid_content":false,"footnotes":""},"categories":[2],"tags":[],"class_list":["post-5615","post","type-post","status-publish","format-standard","has-post-thumbnail","hentry","category-estado"],"jetpack_featured_media_url":"https:\/\/encuentroinformativo.com.mx\/wp-content\/uploads\/2020\/09\/52175695-B1F7-440D-B8BD-877B48D4BB41.jpeg","jetpack_sharing_enabled":true,"jetpack_likes_enabled":true,"amp_enabled":true,"_links":{"self":[{"href":"https:\/\/encuentroinformativo.com.mx\/index.php?rest_route=\/wp\/v2\/posts\/5615","targetHints":{"allow":["GET"]}}],"collection":[{"href":"https:\/\/encuentroinformativo.com.mx\/index.php?rest_route=\/wp\/v2\/posts"}],"about":[{"href":"https:\/\/encuentroinformativo.com.mx\/index.php?rest_route=\/wp\/v2\/types\/post"}],"author":[{"embeddable":true,"href":"https:\/\/encuentroinformativo.com.mx\/index.php?rest_route=\/wp\/v2\/users\/1"}],"replies":[{"embeddable":true,"href":"https:\/\/encuentroinformativo.com.mx\/index.php?rest_route=%2Fwp%2Fv2%2Fcomments&post=5615"}],"version-history":[{"count":1,"href":"https:\/\/encuentroinformativo.com.mx\/index.php?rest_route=\/wp\/v2\/posts\/5615\/revisions"}],"predecessor-version":[{"id":5617,"href":"https:\/\/encuentroinformativo.com.mx\/index.php?rest_route=\/wp\/v2\/posts\/5615\/revisions\/5617"}],"wp:featuredmedia":[{"embeddable":true,"href":"https:\/\/encuentroinformativo.com.mx\/index.php?rest_route=\/wp\/v2\/media\/5616"}],"wp:attachment":[{"href":"https:\/\/encuentroinformativo.com.mx\/index.php?rest_route=%2Fwp%2Fv2%2Fmedia&parent=5615"}],"wp:term":[{"taxonomy":"category","embeddable":true,"href":"https:\/\/encuentroinformativo.com.mx\/index.php?rest_route=%2Fwp%2Fv2%2Fcategories&post=5615"},{"taxonomy":"post_tag","embeddable":true,"href":"https:\/\/encuentroinformativo.com.mx\/index.php?rest_route=%2Fwp%2Fv2%2Ftags&post=5615"}],"curies":[{"name":"wp","href":"https:\/\/api.w.org\/{rel}","templated":true}]}}