{"id":56150,"date":"2024-06-28T12:44:12","date_gmt":"2024-06-28T18:44:12","guid":{"rendered":"https:\/\/encuentroinformativo.com.mx\/?p=56150"},"modified":"2024-06-28T12:44:19","modified_gmt":"2024-06-28T18:44:19","slug":"vecinos-de-los-cafetales-bloquean-carretera-coatepec-las-trancas","status":"publish","type":"post","link":"https:\/\/encuentroinformativo.com.mx\/?p=56150","title":{"rendered":"Vecinos de Los Cafetales, bloquean carretera Coatepec &#8211; Las Trancas"},"content":{"rendered":"\n<p><strong>Juan Arcos <\/strong><\/p>\n\n\n\n<p>Xalapa, Ver.- Residentes de la colonia Los Cafetales, municipio de Emiliano Zapata, protestaron y bloquearon la carretera Coatepec-Las Trancas, para exigir a las autoridades obras de infraestructura urbana, pues en los \u00faltimos d\u00edas sufrieron inundaciones.<\/p>\n\n\n\n<p>Los quejosos obstruyeron ambos sentidos de la importante v\u00eda de comunicaci\u00f3n, a la altura del acceso hacia el fraccionamiento Bugambilias.<\/p>\n\n\n\n<p>Llevaban lonas con diversos mensajes para pedir al ayuntamiento de Emiliano Zapata obras de infraestructura urbana, as\u00ed como tambi\u00e9n, la limpieza de ollas y drenajes del fraccionamiento, para evitar afectaciones por las lluvias.<\/p>\n\n\n\n<p>La gente indic\u00f3 que es necesario tambi\u00e9n el entubamiento y desazolve del canal de aguas negras, la pavimentaci\u00f3n de calles y guarniciones y banquetas.<\/p>\n\n\n\n<p>Sin embargo, los pobladores afirmaron que hay varias necesidades en la colonia Los Cafetales, pues tambi\u00e9n se requiere seguridad y alumbrado p\u00fablico.<\/p>\n\n\n\n<p>La zona del bloqueo fue abanderada por elementos viales de Emiliano Zapata, pues se registr\u00f3 un gran caos vehicular en la zona.<\/p>\n\n\n\n<p>Esta situaci\u00f3n afect\u00f3 a los conductores que circulaban de localidades de Coatepec y Emiliano Zapata hacia la capital del estado, as\u00ed como a los que sal\u00edan de la ciudad de Xalapa.<\/p>\n","protected":false},"excerpt":{"rendered":"<p>Juan Arcos Xalapa, Ver.- Residentes de la colonia Los Cafetales, municipio de Emiliano Zapata, protestaron y bloquearon la carretera Coatepec-Las Trancas, para exigir a las autoridades obras de infraestructura urbana, pues en los \u00faltimos d\u00edas sufrieron inundaciones. Los quejosos obstruyeron ambos sentidos de la importante v\u00eda de comunicaci\u00f3n, a la altura del acceso hacia el [&hellip;]<\/p>\n","protected":false},"author":2476,"featured_media":56151,"comment_status":"open","ping_status":"open","sticky":false,"template":"","format":"standard","meta":{"_jetpack_memberships_contains_paid_content":false,"footnotes":""},"categories":[8],"tags":[],"class_list":["post-56150","post","type-post","status-publish","format-standard","has-post-thumbnail","hentry","category-region"],"jetpack_featured_media_url":"https:\/\/encuentroinformativo.com.mx\/wp-content\/uploads\/2024\/06\/aa8ca92b-d9a8-4d21-a54e-e2c3d754adeb.jpg","jetpack_sharing_enabled":true,"jetpack_likes_enabled":true,"amp_enabled":true,"_links":{"self":[{"href":"https:\/\/encuentroinformativo.com.mx\/index.php?rest_route=\/wp\/v2\/posts\/56150","targetHints":{"allow":["GET"]}}],"collection":[{"href":"https:\/\/encuentroinformativo.com.mx\/index.php?rest_route=\/wp\/v2\/posts"}],"about":[{"href":"https:\/\/encuentroinformativo.com.mx\/index.php?rest_route=\/wp\/v2\/types\/post"}],"author":[{"embeddable":true,"href":"https:\/\/encuentroinformativo.com.mx\/index.php?rest_route=\/wp\/v2\/users\/2476"}],"replies":[{"embeddable":true,"href":"https:\/\/encuentroinformativo.com.mx\/index.php?rest_route=%2Fwp%2Fv2%2Fcomments&post=56150"}],"version-history":[{"count":1,"href":"https:\/\/encuentroinformativo.com.mx\/index.php?rest_route=\/wp\/v2\/posts\/56150\/revisions"}],"predecessor-version":[{"id":56152,"href":"https:\/\/encuentroinformativo.com.mx\/index.php?rest_route=\/wp\/v2\/posts\/56150\/revisions\/56152"}],"wp:featuredmedia":[{"embeddable":true,"href":"https:\/\/encuentroinformativo.com.mx\/index.php?rest_route=\/wp\/v2\/media\/56151"}],"wp:attachment":[{"href":"https:\/\/encuentroinformativo.com.mx\/index.php?rest_route=%2Fwp%2Fv2%2Fmedia&parent=56150"}],"wp:term":[{"taxonomy":"category","embeddable":true,"href":"https:\/\/encuentroinformativo.com.mx\/index.php?rest_route=%2Fwp%2Fv2%2Fcategories&post=56150"},{"taxonomy":"post_tag","embeddable":true,"href":"https:\/\/encuentroinformativo.com.mx\/index.php?rest_route=%2Fwp%2Fv2%2Ftags&post=56150"}],"curies":[{"name":"wp","href":"https:\/\/api.w.org\/{rel}","templated":true}]}}