{"id":56153,"date":"2024-06-28T14:02:12","date_gmt":"2024-06-28T20:02:12","guid":{"rendered":"https:\/\/encuentroinformativo.com.mx\/?p=56153"},"modified":"2024-06-28T14:02:18","modified_gmt":"2024-06-28T20:02:18","slug":"sin-confirmar-casos-de-dengue-en-colonias-xalapenas","status":"publish","type":"post","link":"https:\/\/encuentroinformativo.com.mx\/?p=56153","title":{"rendered":"Sin confirmar casos de dengue en colonias xalape\u00f1as"},"content":{"rendered":"\n<p><strong>Dar\u00edo Pale <\/strong><\/p>\n\n\n\n<p>Xalapa, Ver.- Hasta ahora no han sido confirmados casos de dengue entre la poblaci\u00f3n de esta capital, as\u00ed lo dio a conocer el regidor Mart\u00edn Espinoza Rold\u00e1n, titular de la comisi\u00f3n de salud en el Ayuntamiento de Xalapa.<\/p>\n\n\n\n<p>En entrevista precis\u00f3 que no ha sido confirmada la supuesta muerte de una menor en la colonia Higueras por dengue.\u00a0<\/p>\n\n\n\n<p>Sin embargo, reconoci\u00f3 se mantienen las condiciones propicias para la proliferaci\u00f3n del mosquito transmisor.\u00a0<\/p>\n\n\n\n<p>Ante esto, recomend\u00f3 que ante cualquier s\u00edntoma como dolor de cabeza o de articulaciones y fiebre se debe acudir a un m\u00e9dico.\u00a0<\/p>\n\n\n\n<p>Precis\u00f3 que se mantienen las jornadas permanentes de descacharrizaci\u00f3n en distintas colonias cada s\u00e1bado.\u00a0<\/p>\n\n\n\n<p>&#8220;Invitar a la poblaci\u00f3n retirar de sus azoteas todos aquellos objetos que acumulen agua, tambi\u00e9n dentro de los domicilios&#8221;, se\u00f1al\u00f3.<\/p>\n\n\n\n<p>Finalmente el regidor d\u00e9cimo dijo que si se capta agua de lluvia, se deben tapar los recipientes para evitar criaderos de moscos.<\/p>\n","protected":false},"excerpt":{"rendered":"<p>Dar\u00edo Pale Xalapa, Ver.- Hasta ahora no han sido confirmados casos de dengue entre la poblaci\u00f3n de esta capital, as\u00ed lo dio a conocer el regidor Mart\u00edn Espinoza Rold\u00e1n, titular de la comisi\u00f3n de salud en el Ayuntamiento de Xalapa. En entrevista precis\u00f3 que no ha sido confirmada la supuesta muerte de una menor en [&hellip;]<\/p>\n","protected":false},"author":2476,"featured_media":56154,"comment_status":"open","ping_status":"open","sticky":false,"template":"","format":"standard","meta":{"_jetpack_memberships_contains_paid_content":false,"footnotes":""},"categories":[9],"tags":[],"class_list":["post-56153","post","type-post","status-publish","format-standard","has-post-thumbnail","hentry","category-salud"],"jetpack_featured_media_url":"https:\/\/encuentroinformativo.com.mx\/wp-content\/uploads\/2024\/06\/IMG-20240628-WA0039.jpg","jetpack_sharing_enabled":true,"jetpack_likes_enabled":true,"amp_enabled":true,"_links":{"self":[{"href":"https:\/\/encuentroinformativo.com.mx\/index.php?rest_route=\/wp\/v2\/posts\/56153","targetHints":{"allow":["GET"]}}],"collection":[{"href":"https:\/\/encuentroinformativo.com.mx\/index.php?rest_route=\/wp\/v2\/posts"}],"about":[{"href":"https:\/\/encuentroinformativo.com.mx\/index.php?rest_route=\/wp\/v2\/types\/post"}],"author":[{"embeddable":true,"href":"https:\/\/encuentroinformativo.com.mx\/index.php?rest_route=\/wp\/v2\/users\/2476"}],"replies":[{"embeddable":true,"href":"https:\/\/encuentroinformativo.com.mx\/index.php?rest_route=%2Fwp%2Fv2%2Fcomments&post=56153"}],"version-history":[{"count":1,"href":"https:\/\/encuentroinformativo.com.mx\/index.php?rest_route=\/wp\/v2\/posts\/56153\/revisions"}],"predecessor-version":[{"id":56155,"href":"https:\/\/encuentroinformativo.com.mx\/index.php?rest_route=\/wp\/v2\/posts\/56153\/revisions\/56155"}],"wp:featuredmedia":[{"embeddable":true,"href":"https:\/\/encuentroinformativo.com.mx\/index.php?rest_route=\/wp\/v2\/media\/56154"}],"wp:attachment":[{"href":"https:\/\/encuentroinformativo.com.mx\/index.php?rest_route=%2Fwp%2Fv2%2Fmedia&parent=56153"}],"wp:term":[{"taxonomy":"category","embeddable":true,"href":"https:\/\/encuentroinformativo.com.mx\/index.php?rest_route=%2Fwp%2Fv2%2Fcategories&post=56153"},{"taxonomy":"post_tag","embeddable":true,"href":"https:\/\/encuentroinformativo.com.mx\/index.php?rest_route=%2Fwp%2Fv2%2Ftags&post=56153"}],"curies":[{"name":"wp","href":"https:\/\/api.w.org\/{rel}","templated":true}]}}