{"id":56159,"date":"2024-06-28T15:25:58","date_gmt":"2024-06-28T21:25:58","guid":{"rendered":"https:\/\/encuentroinformativo.com.mx\/?p=56159"},"modified":"2024-06-28T15:26:04","modified_gmt":"2024-06-28T21:26:04","slug":"reforma-respetara-carrera-judicial-segun-manuel-huerta","status":"publish","type":"post","link":"https:\/\/encuentroinformativo.com.mx\/?p=56159","title":{"rendered":"Reforma respetar\u00e1 carrera judicial, seg\u00fan Manuel Huerta"},"content":{"rendered":"\n<p><strong>Dar\u00edo Pale <\/strong><\/p>\n\n\n\n<p>Xalapa, Ver.- La reforma al Poder Judicial federal deber\u00e1 respetar la carrera judicial para la designaci\u00f3n de ministros, magistradas y magistrados, no se elegir\u00e1 a personas que no re\u00fanan el perfil adecuado, as\u00ed lo dio a conocer el senador electo de Veracruz por Morena Manuel Huerta Ladr\u00f3n de Guevara.<\/p>\n\n\n\n<p>En entrevista se\u00f1al\u00f3 que, &#8220;yo he visto que esto es parte los mitos que circula en un debate desinformado de la reforma, porque el voto popular no quita la posibilidad de desarrollo del Poder Judicial a partir del servicio&#8221;.<\/p>\n\n\n\n<p>&#8220;Que debe ser parte de los cuidados que se deben de tener, no nada m\u00e1s en la Ley, sino en los filtros que debe haber en cada poder de acuerdo a la reforma para cuidar que los perfiles sean adecuados&#8221;, se\u00f1al\u00f3.<\/p>\n\n\n\n<p>Se pronunci\u00f3 porque la reforma sea de manera integral para que se abarque todo lo relacionado con la administraci\u00f3n y procuraci\u00f3n de justicia, y defini\u00f3 que debe haber una armonizaci\u00f3n que toque todos los tramos institucionales y constitucionales de la administraci\u00f3n y procuraci\u00f3n de justicia, por lo que insisti\u00f3 en que la reforma no perjudicar\u00e1 a los trabajadores de dicha soberan\u00eda.<\/p>\n\n\n\n<p>Huerta Ladr\u00f3n de Guevara manifest\u00f3 que ha escuchado a los legisladores de oposici\u00f3n y se deber\u00e1n encontrar los consensos como parte de un ejercicio republicano y no se convierta en una lucha de poderes.<\/p>\n\n\n\n<p>Adelant\u00f3 que se reunir\u00e1 con magistrados y jueves federales para escucharlos y atender sus preocupaciones y, sobre todo, soluciones de lo que van a votar.<\/p>\n\n\n\n<p>Mencion\u00f3 que una vez que se apruebe dicha reforma habr\u00e1 un periodo de 180 d\u00edas para que la reforma aterrice en los poderes de los estados.<\/p>\n\n\n\n<p>Cuestionado de los nombramientos que anteriormente se hicieron en el Poder Judicial de personas que no ten\u00edan carrera judicial, dijo que no es algo que deba de preocupar porque la iniciativa del presidente Andr\u00e9s Manuel L\u00f3pez Obrador es &#8220;tan buena&#8221; que define que hay 180 d\u00edas para hacerlo en las entidades y de no hacerlo se tomar\u00e1n medidas desde la propia reforma federal.<\/p>\n\n\n\n<p>Por \u00faltimo reiter\u00f3 que es una reforma de gran calado que est\u00e1 moviendo los cimientos del Estado Mexicano y que iluminar\u00e1 la forma de elegir a los representantes.<\/p>\n","protected":false},"excerpt":{"rendered":"<p>Dar\u00edo Pale Xalapa, Ver.- La reforma al Poder Judicial federal deber\u00e1 respetar la carrera judicial para la designaci\u00f3n de ministros, magistradas y magistrados, no se elegir\u00e1 a personas que no re\u00fanan el perfil adecuado, as\u00ed lo dio a conocer el senador electo de Veracruz por Morena Manuel Huerta Ladr\u00f3n de Guevara. En entrevista se\u00f1al\u00f3 que, [&hellip;]<\/p>\n","protected":false},"author":2476,"featured_media":56160,"comment_status":"open","ping_status":"open","sticky":false,"template":"","format":"standard","meta":{"_jetpack_memberships_contains_paid_content":false,"footnotes":""},"categories":[2],"tags":[],"class_list":["post-56159","post","type-post","status-publish","format-standard","has-post-thumbnail","hentry","category-estado"],"jetpack_featured_media_url":"https:\/\/encuentroinformativo.com.mx\/wp-content\/uploads\/2024\/06\/IMG-20240628-WA0063.jpg","jetpack_sharing_enabled":true,"jetpack_likes_enabled":true,"amp_enabled":true,"_links":{"self":[{"href":"https:\/\/encuentroinformativo.com.mx\/index.php?rest_route=\/wp\/v2\/posts\/56159","targetHints":{"allow":["GET"]}}],"collection":[{"href":"https:\/\/encuentroinformativo.com.mx\/index.php?rest_route=\/wp\/v2\/posts"}],"about":[{"href":"https:\/\/encuentroinformativo.com.mx\/index.php?rest_route=\/wp\/v2\/types\/post"}],"author":[{"embeddable":true,"href":"https:\/\/encuentroinformativo.com.mx\/index.php?rest_route=\/wp\/v2\/users\/2476"}],"replies":[{"embeddable":true,"href":"https:\/\/encuentroinformativo.com.mx\/index.php?rest_route=%2Fwp%2Fv2%2Fcomments&post=56159"}],"version-history":[{"count":1,"href":"https:\/\/encuentroinformativo.com.mx\/index.php?rest_route=\/wp\/v2\/posts\/56159\/revisions"}],"predecessor-version":[{"id":56161,"href":"https:\/\/encuentroinformativo.com.mx\/index.php?rest_route=\/wp\/v2\/posts\/56159\/revisions\/56161"}],"wp:featuredmedia":[{"embeddable":true,"href":"https:\/\/encuentroinformativo.com.mx\/index.php?rest_route=\/wp\/v2\/media\/56160"}],"wp:attachment":[{"href":"https:\/\/encuentroinformativo.com.mx\/index.php?rest_route=%2Fwp%2Fv2%2Fmedia&parent=56159"}],"wp:term":[{"taxonomy":"category","embeddable":true,"href":"https:\/\/encuentroinformativo.com.mx\/index.php?rest_route=%2Fwp%2Fv2%2Fcategories&post=56159"},{"taxonomy":"post_tag","embeddable":true,"href":"https:\/\/encuentroinformativo.com.mx\/index.php?rest_route=%2Fwp%2Fv2%2Ftags&post=56159"}],"curies":[{"name":"wp","href":"https:\/\/api.w.org\/{rel}","templated":true}]}}