{"id":56165,"date":"2024-06-28T21:56:19","date_gmt":"2024-06-29T03:56:19","guid":{"rendered":"https:\/\/encuentroinformativo.com.mx\/?p=56165"},"modified":"2024-06-28T21:56:25","modified_gmt":"2024-06-29T03:56:25","slug":"inicia-festival-xalapa-cafe-y-aroma-2024","status":"publish","type":"post","link":"https:\/\/encuentroinformativo.com.mx\/?p=56165","title":{"rendered":"Inicia Festival \u201cXalapa, Caf\u00e9 y Aroma 2024\u201d"},"content":{"rendered":"\n<p>Xalapa, Ver.- Autoridades municipales encabezadas por el alcalde Ricardo Ahued Bardahuil, inauguraron la noche de este viernes el Festival \u201cXalapa, Caf\u00e9 y Aroma 2024\u201d, en la explanada del parque Benito Ju\u00e1rez.<\/p>\n\n\n\n<p>En el evento participan 50 expositores de Xalapa y la regi\u00f3n, quienes desde hoy hasta el 30 de junio, de las 10:00 a las 21:00 horas, ofrecer\u00e1n en este espacio p\u00fablico degustaciones, caf\u00e9 en grano, molido y diversos productos elaborados con caf\u00e9, como bombones, shampoo, jabones, galletas y artesan\u00edas.<\/p>\n\n\n\n<p>Tambi\u00e9n habr\u00e1 conferencias, talleres, un foro art\u00edstico y un tour de barras de caf\u00e9, donde se podr\u00e1n conocer los m\u00e9todos de extracci\u00f3n.<\/p>\n\n\n\n<p>Asistieron, el senador Ernesto P\u00e9rez Astorga; la regidora Ana Cristina Hern\u00e1ndez Aburto; los regidores Carlos Ortega Murgu\u00eda y Daniel Fern\u00e1ndez Carri\u00f3n.<\/p>\n\n\n\n<figure class=\"wp-block-image size-large\"><img loading=\"lazy\" decoding=\"async\" width=\"1024\" height=\"701\" src=\"https:\/\/encuentroinformativo.com.mx\/wp-content\/uploads\/2024\/06\/1000332364-1024x701.jpg\" alt=\"\" class=\"wp-image-56167\" srcset=\"https:\/\/encuentroinformativo.com.mx\/wp-content\/uploads\/2024\/06\/1000332364-1024x701.jpg 1024w, https:\/\/encuentroinformativo.com.mx\/wp-content\/uploads\/2024\/06\/1000332364-300x205.jpg 300w, https:\/\/encuentroinformativo.com.mx\/wp-content\/uploads\/2024\/06\/1000332364-768x526.jpg 768w, https:\/\/encuentroinformativo.com.mx\/wp-content\/uploads\/2024\/06\/1000332364-1536x1051.jpg 1536w, https:\/\/encuentroinformativo.com.mx\/wp-content\/uploads\/2024\/06\/1000332364-2048x1402.jpg 2048w\" sizes=\"auto, (max-width: 1024px) 100vw, 1024px\" \/><\/figure>\n","protected":false},"excerpt":{"rendered":"<p>Xalapa, Ver.- Autoridades municipales encabezadas por el alcalde Ricardo Ahued Bardahuil, inauguraron la noche de este viernes el Festival \u201cXalapa, Caf\u00e9 y Aroma 2024\u201d, en la explanada del parque Benito Ju\u00e1rez. En el evento participan 50 expositores de Xalapa y la regi\u00f3n, quienes desde hoy hasta el 30 de junio, de las 10:00 a las [&hellip;]<\/p>\n","protected":false},"author":2476,"featured_media":56166,"comment_status":"open","ping_status":"open","sticky":false,"template":"","format":"standard","meta":{"_jetpack_memberships_contains_paid_content":false,"footnotes":""},"categories":[3],"tags":[],"class_list":["post-56165","post","type-post","status-publish","format-standard","has-post-thumbnail","hentry","category-xalapa"],"jetpack_featured_media_url":"https:\/\/encuentroinformativo.com.mx\/wp-content\/uploads\/2024\/06\/IMG-20240628-WA0119.jpg","jetpack_sharing_enabled":true,"jetpack_likes_enabled":true,"amp_enabled":true,"_links":{"self":[{"href":"https:\/\/encuentroinformativo.com.mx\/index.php?rest_route=\/wp\/v2\/posts\/56165","targetHints":{"allow":["GET"]}}],"collection":[{"href":"https:\/\/encuentroinformativo.com.mx\/index.php?rest_route=\/wp\/v2\/posts"}],"about":[{"href":"https:\/\/encuentroinformativo.com.mx\/index.php?rest_route=\/wp\/v2\/types\/post"}],"author":[{"embeddable":true,"href":"https:\/\/encuentroinformativo.com.mx\/index.php?rest_route=\/wp\/v2\/users\/2476"}],"replies":[{"embeddable":true,"href":"https:\/\/encuentroinformativo.com.mx\/index.php?rest_route=%2Fwp%2Fv2%2Fcomments&post=56165"}],"version-history":[{"count":1,"href":"https:\/\/encuentroinformativo.com.mx\/index.php?rest_route=\/wp\/v2\/posts\/56165\/revisions"}],"predecessor-version":[{"id":56168,"href":"https:\/\/encuentroinformativo.com.mx\/index.php?rest_route=\/wp\/v2\/posts\/56165\/revisions\/56168"}],"wp:featuredmedia":[{"embeddable":true,"href":"https:\/\/encuentroinformativo.com.mx\/index.php?rest_route=\/wp\/v2\/media\/56166"}],"wp:attachment":[{"href":"https:\/\/encuentroinformativo.com.mx\/index.php?rest_route=%2Fwp%2Fv2%2Fmedia&parent=56165"}],"wp:term":[{"taxonomy":"category","embeddable":true,"href":"https:\/\/encuentroinformativo.com.mx\/index.php?rest_route=%2Fwp%2Fv2%2Fcategories&post=56165"},{"taxonomy":"post_tag","embeddable":true,"href":"https:\/\/encuentroinformativo.com.mx\/index.php?rest_route=%2Fwp%2Fv2%2Ftags&post=56165"}],"curies":[{"name":"wp","href":"https:\/\/api.w.org\/{rel}","templated":true}]}}