{"id":56169,"date":"2024-06-29T15:04:21","date_gmt":"2024-06-29T21:04:21","guid":{"rendered":"https:\/\/encuentroinformativo.com.mx\/?p=56169"},"modified":"2024-06-29T15:04:27","modified_gmt":"2024-06-29T21:04:27","slug":"necesario-mejorar-codigo-electoral-senala-consejero","status":"publish","type":"post","link":"https:\/\/encuentroinformativo.com.mx\/?p=56169","title":{"rendered":"Necesario mejorar C\u00f3digo Electoral, se\u00f1ala Consejero"},"content":{"rendered":"\n<p><strong>Dar\u00edo Pale <\/strong><\/p>\n\n\n\n<p>Xalapa, Ver.- Consejero del Organismo P\u00fablico Local Electoral (OPLE) Quint\u00edn Antar Dovarganes Escand\u00f3n pidi\u00f3 modificar el modelo de comunicaci\u00f3n pol\u00edtica, privilegiando la libertad de expresi\u00f3n de cualquier persona, \u201ctenemos un mont\u00f3n de ataduras innecesarias, y por lo tanto se busca la ma\u00f1a. Quien hace la ley, hace la ma\u00f1a\u201d.<\/p>\n\n\n\n<p>Dijo que es necesario cambiar los periodos constitucionales del ejercicio del poder, para que las elecciones sean en oto\u00f1o, no en primavera, pues ante el cambio clim\u00e1tico, se generan muchos problemas que se van a agudizar cada vez m\u00e1s.<\/p>\n\n\n\n<p>\u201cCambiando eso creo que podremos tener mejores gobierno y mejores funcionarios y funcionarias en el ejercicio del poder p\u00fablico\u201d, dijo el funcionario electoral.<\/p>\n\n\n\n<p>En otro orden de ideas, pidi\u00f3 a los legisladores de Veracruz a que actualicen la Constituci\u00f3n y el C\u00f3digo Electoral de Veracruz para garantizar una mejor organizaci\u00f3n en las elecciones locales.<\/p>\n\n\n\n<p>\u201cQuiero manifestar tres cosas, que desde mi punto de vista tienen que cambiar de las elecciones, para reflexi\u00f3n de los legisladores\u201d, dijo durante la sesi\u00f3n del consejo general.<\/p>\n\n\n\n<p>El funcionario electoral consider\u00f3 prioritario que desde el Congreso de Veracruz se pueda modificar la ley con la idea de ajustar a tres a\u00f1os el periodo de los alcaldes y permitir, a dicha autoridad, el poderse reelegir.<\/p>\n\n\n\n<p>\u201cEs importante los proyectos administrativos municipales, como para poder juzgar, de parte de la ciudadan\u00eda, si deben merecen continuar por el mismo sendero, o no. En Veracruz los tenemos por cuatro a\u00f1os y no se pueden reelegir\u201d, se\u00f1al\u00f3.<\/p>\n\n\n\n<p>Es de mencionar que en el mes de noviembre pr\u00f3ximo se dar\u00e1 inicio al proceso electoral para la renovaci\u00f3n de las 2012 alcald\u00edas en Veracruz.\u00a0<\/p>\n\n\n\n<p>Finalmente coment\u00f3 que el plazo para modificar la ley que regula los procesos electorales vence en los primeros 10 d\u00edas de agosto, pues no se pueden hacer cambios 90 d\u00edas antes del inicio del proceso electoral<\/p>\n","protected":false},"excerpt":{"rendered":"<p>Dar\u00edo Pale Xalapa, Ver.- Consejero del Organismo P\u00fablico Local Electoral (OPLE) Quint\u00edn Antar Dovarganes Escand\u00f3n pidi\u00f3 modificar el modelo de comunicaci\u00f3n pol\u00edtica, privilegiando la libertad de expresi\u00f3n de cualquier persona, \u201ctenemos un mont\u00f3n de ataduras innecesarias, y por lo tanto se busca la ma\u00f1a. Quien hace la ley, hace la ma\u00f1a\u201d. Dijo que es necesario [&hellip;]<\/p>\n","protected":false},"author":2476,"featured_media":56170,"comment_status":"open","ping_status":"open","sticky":false,"template":"","format":"standard","meta":{"_jetpack_memberships_contains_paid_content":false,"footnotes":""},"categories":[2],"tags":[],"class_list":["post-56169","post","type-post","status-publish","format-standard","has-post-thumbnail","hentry","category-estado"],"jetpack_featured_media_url":"https:\/\/encuentroinformativo.com.mx\/wp-content\/uploads\/2024\/06\/IMG-20240629-WA0012.jpg","jetpack_sharing_enabled":true,"jetpack_likes_enabled":true,"amp_enabled":true,"_links":{"self":[{"href":"https:\/\/encuentroinformativo.com.mx\/index.php?rest_route=\/wp\/v2\/posts\/56169","targetHints":{"allow":["GET"]}}],"collection":[{"href":"https:\/\/encuentroinformativo.com.mx\/index.php?rest_route=\/wp\/v2\/posts"}],"about":[{"href":"https:\/\/encuentroinformativo.com.mx\/index.php?rest_route=\/wp\/v2\/types\/post"}],"author":[{"embeddable":true,"href":"https:\/\/encuentroinformativo.com.mx\/index.php?rest_route=\/wp\/v2\/users\/2476"}],"replies":[{"embeddable":true,"href":"https:\/\/encuentroinformativo.com.mx\/index.php?rest_route=%2Fwp%2Fv2%2Fcomments&post=56169"}],"version-history":[{"count":1,"href":"https:\/\/encuentroinformativo.com.mx\/index.php?rest_route=\/wp\/v2\/posts\/56169\/revisions"}],"predecessor-version":[{"id":56171,"href":"https:\/\/encuentroinformativo.com.mx\/index.php?rest_route=\/wp\/v2\/posts\/56169\/revisions\/56171"}],"wp:featuredmedia":[{"embeddable":true,"href":"https:\/\/encuentroinformativo.com.mx\/index.php?rest_route=\/wp\/v2\/media\/56170"}],"wp:attachment":[{"href":"https:\/\/encuentroinformativo.com.mx\/index.php?rest_route=%2Fwp%2Fv2%2Fmedia&parent=56169"}],"wp:term":[{"taxonomy":"category","embeddable":true,"href":"https:\/\/encuentroinformativo.com.mx\/index.php?rest_route=%2Fwp%2Fv2%2Fcategories&post=56169"},{"taxonomy":"post_tag","embeddable":true,"href":"https:\/\/encuentroinformativo.com.mx\/index.php?rest_route=%2Fwp%2Fv2%2Ftags&post=56169"}],"curies":[{"name":"wp","href":"https:\/\/api.w.org\/{rel}","templated":true}]}}