{"id":5618,"date":"2020-09-07T14:57:13","date_gmt":"2020-09-07T19:57:13","guid":{"rendered":"https:\/\/encuentroinformativo.com\/?p=5618"},"modified":"2020-09-07T14:57:15","modified_gmt":"2020-09-07T19:57:15","slug":"por-pandemia-discriminan-a-trabajadores-de-limpia-publica","status":"publish","type":"post","link":"https:\/\/encuentroinformativo.com.mx\/?p=5618","title":{"rendered":"Por pandemia, discriminan a trabajadores de limpia p\u00fablica"},"content":{"rendered":"\n<p><strong>Juan Arcos <\/strong><\/p>\n\n\n\n<p>Xalapa, Ver.- Los trabajadores de Limpia P\u00fablica de Xalapa han sido discriminados por la poblaci\u00f3n durante esta pandemia del SARS-COV-2 (COVID-19).<\/p>\n\n\n\n<p>El l\u00edder sindical Guillermo Caballero de Jes\u00fas revel\u00f3 que la ciudadan\u00eda ha lanzado comentarios despectivos contra el personal dedicado a la recolecci\u00f3n de los desechos s\u00f3lidos.<\/p>\n\n\n\n<p>\u201cAh\u00ed viene el de la basura, \u00a1aguas, no te le acerques, ni le des en la mano!\u201d, son algunos de los comentarios que han padecido los trabajadores.<\/p>\n\n\n\n<p>El entrevistado record\u00f3 que en dicha \u00e1rea municipal hubo casos sospechosos; sin embargo, fueron sometidos a la prueba y resultaron negativos a COVID-19.<\/p>\n\n\n\n<p>\u201cPara mis compa\u00f1eros luego es dif\u00edcil si alguien declara que haya personas contagiadas dentro de un \u00e1rea, ustedes han visto que muchas gentes no lo toman de la mejor manera y luego los discriminan\u201d.\u00a0<br>Caballero de Jes\u00fas mencion\u00f3 que, por otro lado, ha habido ciudadanas y ciudadanos que han apoyado al personal de Limpia P\u00fablica, don\u00e1ndoles cubrebocas, guantes y gel antibacterial.<\/p>\n\n\n\n<p>\u201cDebemos de reconocer que muchos ciudadanos se pusieron la camiseta con ellos, porque es un ej\u00e9rcito que tambi\u00e9n est\u00e1 cuidando la salud de la ciudadan\u00eda\u201d, remat\u00f3 el l\u00edder sindical.<\/p>\n\n\n\n<p><\/p>\n\n\n\n<p><\/p>\n","protected":false},"excerpt":{"rendered":"<p>Juan Arcos Xalapa, Ver.- Los trabajadores de Limpia P\u00fablica de Xalapa han sido discriminados por la poblaci\u00f3n durante esta pandemia del SARS-COV-2 (COVID-19). El l\u00edder sindical Guillermo Caballero de Jes\u00fas revel\u00f3 que la ciudadan\u00eda ha lanzado comentarios despectivos contra el personal dedicado a la recolecci\u00f3n de los desechos s\u00f3lidos. \u201cAh\u00ed viene el de la basura, [&hellip;]<\/p>\n","protected":false},"author":1,"featured_media":5619,"comment_status":"open","ping_status":"open","sticky":false,"template":"","format":"standard","meta":{"_jetpack_memberships_contains_paid_content":false,"footnotes":""},"categories":[3],"tags":[],"class_list":["post-5618","post","type-post","status-publish","format-standard","has-post-thumbnail","hentry","category-xalapa"],"jetpack_featured_media_url":"https:\/\/encuentroinformativo.com.mx\/wp-content\/uploads\/2020\/09\/A34E733E-B19C-4EFB-B6A0-21B1876C37AE.jpeg","jetpack_sharing_enabled":true,"jetpack_likes_enabled":true,"amp_enabled":true,"_links":{"self":[{"href":"https:\/\/encuentroinformativo.com.mx\/index.php?rest_route=\/wp\/v2\/posts\/5618","targetHints":{"allow":["GET"]}}],"collection":[{"href":"https:\/\/encuentroinformativo.com.mx\/index.php?rest_route=\/wp\/v2\/posts"}],"about":[{"href":"https:\/\/encuentroinformativo.com.mx\/index.php?rest_route=\/wp\/v2\/types\/post"}],"author":[{"embeddable":true,"href":"https:\/\/encuentroinformativo.com.mx\/index.php?rest_route=\/wp\/v2\/users\/1"}],"replies":[{"embeddable":true,"href":"https:\/\/encuentroinformativo.com.mx\/index.php?rest_route=%2Fwp%2Fv2%2Fcomments&post=5618"}],"version-history":[{"count":1,"href":"https:\/\/encuentroinformativo.com.mx\/index.php?rest_route=\/wp\/v2\/posts\/5618\/revisions"}],"predecessor-version":[{"id":5620,"href":"https:\/\/encuentroinformativo.com.mx\/index.php?rest_route=\/wp\/v2\/posts\/5618\/revisions\/5620"}],"wp:featuredmedia":[{"embeddable":true,"href":"https:\/\/encuentroinformativo.com.mx\/index.php?rest_route=\/wp\/v2\/media\/5619"}],"wp:attachment":[{"href":"https:\/\/encuentroinformativo.com.mx\/index.php?rest_route=%2Fwp%2Fv2%2Fmedia&parent=5618"}],"wp:term":[{"taxonomy":"category","embeddable":true,"href":"https:\/\/encuentroinformativo.com.mx\/index.php?rest_route=%2Fwp%2Fv2%2Fcategories&post=5618"},{"taxonomy":"post_tag","embeddable":true,"href":"https:\/\/encuentroinformativo.com.mx\/index.php?rest_route=%2Fwp%2Fv2%2Ftags&post=5618"}],"curies":[{"name":"wp","href":"https:\/\/api.w.org\/{rel}","templated":true}]}}