{"id":56183,"date":"2024-06-30T18:53:39","date_gmt":"2024-07-01T00:53:39","guid":{"rendered":"https:\/\/encuentroinformativo.com.mx\/?p=56183"},"modified":"2024-06-30T18:53:48","modified_gmt":"2024-07-01T00:53:48","slug":"por-lluvias-suspenden-desfiles-del-carnaval","status":"publish","type":"post","link":"https:\/\/encuentroinformativo.com.mx\/?p=56183","title":{"rendered":"Por lluvias, suspenden desfiles del Carnaval"},"content":{"rendered":"\n<p><strong>Juan Arcos <\/strong><\/p>\n\n\n\n<p>Xalapa, Ver.- Las actividades del Carnaval de Veracruz 2024 programadas para este domingo 30 de junio fueron suspendidas por autoridades del ayuntamiento porte\u00f1o, debido a las fuertes lluvias que se han registrado en el territorio estatal.<\/p>\n\n\n\n<p>La alcaldesa de Veracruz, Patricia Lobeira Rodr\u00edguez, inform\u00f3 que se suspendi\u00f3 el desfile de las seis de la tarde de este domingo y el concierto de Carlos Vives en la Macroplaza del Malec\u00f3n a las diez de la noche, para garantizar la seguridad de las familias.<\/p>\n\n\n\n<p>\u201cPor seguridad de la ciudadan\u00eda tanto turistas como locales hemos tomado la decisi\u00f3n de suspender por hoy las actividades derivadas del carnaval tanto el desfile de las seis de la tarde, como el masivo de Carlos Vives a las 10 la noche en la Macroplaza&#8221;, expres\u00f3 la funcionaria.<\/p>\n\n\n\n<p>Durante esta tarde sesion\u00f3 el Comit\u00e9 Municipal de Protecci\u00f3n Civil, encabezado por la Alcaldesa de Veracruz, donde se alert\u00f3 sobre la presencia de lluvias de moderadas a muy fuertes, as\u00ed como rachas de viento que podr\u00edan superar los 70 kil\u00f3metros por hora.<\/p>\n\n\n\n<p>El director de Protecci\u00f3n Civil del ayuntamiento de Veracruz, Alfonso Garc\u00eda Cardona, indic\u00f3 que en las pr\u00f3ximas 24 horas se prev\u00e9n lluvias acumuladas superiores a los 100 mil\u00edmetros por el disturbio tropical 94L, que posteriormente evolucion\u00f3 a depresi\u00f3n tres.<\/p>\n\n\n\n<p>\u201cLe pedimos a la ciudadan\u00eda que est\u00e9 muy al pendiente de lo que puede ocurrir. La parte preventiva es mucho muy importante, como dice la alcaldesa, no queremos que haya ning\u00fan contratiempo, pero cualquier situaci\u00f3n que ocurra en la ciudad, pueden ocupar los tel\u00e9fonos de emergencia, que es el 911 o al 229 20022\u201d, a\u00f1adi\u00f3 el servidor p\u00fablico.<\/p>\n\n\n\n<p>Patricia Lobeira pidi\u00f3 a las personas que est\u00e9n atentas a las redes sociales oficiales donde se estar\u00e1 informando sobre el estado del tiempo y las actividades del Carnaval de Veracruz 2024.<\/p>\n\n\n\n<p>\u201cLos invito a seguir estas recomendaciones. Recuerden manejar con precauci\u00f3n, y estar atentos a nuestras redes sociales, para actualizar la informaci\u00f3n. En el ayuntamiento de Veracruz, seguiremos atendiendo de cerca a todos los ciudadanos. Estamos aqu\u00ed todos reunidos buscando ya las soluciones correctas para que todos podamos seguir disfrutando de nuestro carnaval tan esperado\u201d.<\/p>\n\n\n\n<p>A trav\u00e9s de sus redes sociales, la edil panista indic\u00f3 que el desfile programado para este domingo se llevar\u00e1 a cabo el pr\u00f3ximo mi\u00e9rcoles y que tambi\u00e9n ser\u00eda reprogramado el concierto del artista Carlos Vives.<\/p>\n\n\n\n<p>&#8220;Entonces vamos a tener nuestros tres desfiles con nuestra reina de la alegr\u00eda (Yuri) lunes, martes y mi\u00e9rcoles, entonces ese desfile se va a poder reponer y vamos a poder tener a nuestra reina Yuri esos tres d\u00edas. Tambi\u00e9n el concierto que se suspende hoy se va a poder reponer\u201d.<\/p>\n\n\n\n<p>La Secretar\u00eda de Protecci\u00f3n Civil (PC) de Veracruz inform\u00f3 que la Coordinaci\u00f3n Nacional de Protecci\u00f3n Civil (CNPC) ha emitido un Bolet\u00edn SIAT-CT por la presencia de la Depresi\u00f3n Tropical Tres en el Golfo de M\u00e9xico, activando para Veracruz una Alerta Amarilla (Peligro Medio) por cicl\u00f3n acerc\u00e1ndose para el norte y centro del estado, y una Alerta cerde (Peligro Bajo) para el sur de la entidad.<\/p>\n\n\n\n<p>El Comit\u00e9 Estatal de Emergencias mantiene la coordinaci\u00f3n de las acciones correspondientes con fuerzas de tarea de los tres \u00f3rdenes de gobierno y contin\u00faa la comunicaci\u00f3n constante con las Brigadas Comunitarias de Protecci\u00f3n Civil en todo el estado.<\/p>\n\n\n\n<p>&#8220;A la poblaci\u00f3n se le reitera la importancia de atender a las indicaciones de las autoridades locales, seguir los pron\u00f3sticos en fuentes oficiales de informaci\u00f3n, evitar salir durante la tormenta si no es necesario, y cualquier emergencia reportarla de inmediato al 911\u201d, se lee en el reciente informe de PC estatal.<\/p>\n","protected":false},"excerpt":{"rendered":"<p>Juan Arcos Xalapa, Ver.- Las actividades del Carnaval de Veracruz 2024 programadas para este domingo 30 de junio fueron suspendidas por autoridades del ayuntamiento porte\u00f1o, debido a las fuertes lluvias que se han registrado en el territorio estatal. La alcaldesa de Veracruz, Patricia Lobeira Rodr\u00edguez, inform\u00f3 que se suspendi\u00f3 el desfile de las seis de [&hellip;]<\/p>\n","protected":false},"author":2476,"featured_media":56184,"comment_status":"open","ping_status":"open","sticky":false,"template":"","format":"standard","meta":{"_jetpack_memberships_contains_paid_content":false,"footnotes":""},"categories":[2],"tags":[],"class_list":["post-56183","post","type-post","status-publish","format-standard","has-post-thumbnail","hentry","category-estado"],"jetpack_featured_media_url":"https:\/\/encuentroinformativo.com.mx\/wp-content\/uploads\/2024\/06\/IMG_0194.jpg","jetpack_sharing_enabled":true,"jetpack_likes_enabled":true,"amp_enabled":true,"_links":{"self":[{"href":"https:\/\/encuentroinformativo.com.mx\/index.php?rest_route=\/wp\/v2\/posts\/56183","targetHints":{"allow":["GET"]}}],"collection":[{"href":"https:\/\/encuentroinformativo.com.mx\/index.php?rest_route=\/wp\/v2\/posts"}],"about":[{"href":"https:\/\/encuentroinformativo.com.mx\/index.php?rest_route=\/wp\/v2\/types\/post"}],"author":[{"embeddable":true,"href":"https:\/\/encuentroinformativo.com.mx\/index.php?rest_route=\/wp\/v2\/users\/2476"}],"replies":[{"embeddable":true,"href":"https:\/\/encuentroinformativo.com.mx\/index.php?rest_route=%2Fwp%2Fv2%2Fcomments&post=56183"}],"version-history":[{"count":1,"href":"https:\/\/encuentroinformativo.com.mx\/index.php?rest_route=\/wp\/v2\/posts\/56183\/revisions"}],"predecessor-version":[{"id":56185,"href":"https:\/\/encuentroinformativo.com.mx\/index.php?rest_route=\/wp\/v2\/posts\/56183\/revisions\/56185"}],"wp:featuredmedia":[{"embeddable":true,"href":"https:\/\/encuentroinformativo.com.mx\/index.php?rest_route=\/wp\/v2\/media\/56184"}],"wp:attachment":[{"href":"https:\/\/encuentroinformativo.com.mx\/index.php?rest_route=%2Fwp%2Fv2%2Fmedia&parent=56183"}],"wp:term":[{"taxonomy":"category","embeddable":true,"href":"https:\/\/encuentroinformativo.com.mx\/index.php?rest_route=%2Fwp%2Fv2%2Fcategories&post=56183"},{"taxonomy":"post_tag","embeddable":true,"href":"https:\/\/encuentroinformativo.com.mx\/index.php?rest_route=%2Fwp%2Fv2%2Ftags&post=56183"}],"curies":[{"name":"wp","href":"https:\/\/api.w.org\/{rel}","templated":true}]}}