{"id":56195,"date":"2024-07-01T12:11:10","date_gmt":"2024-07-01T18:11:10","guid":{"rendered":"https:\/\/encuentroinformativo.com.mx\/?p=56195"},"modified":"2024-07-01T12:11:15","modified_gmt":"2024-07-01T18:11:15","slug":"reyes-lgbtq-brillan-en-carnaval-de-veracruz","status":"publish","type":"post","link":"https:\/\/encuentroinformativo.com.mx\/?p=56195","title":{"rendered":"Reyes LGBTQ+ brillan en Carnaval de Veracruz"},"content":{"rendered":"\n<p><strong>Alejandro \u00c1vila<\/strong><\/p>\n\n\n\n<p>Veracruz, Ver.- Sin duda alguna a\u00f1o con a\u00f1o los reyes de la comunidad LGBTQ+ de la Asociaci\u00f3n Civil \u201cPor un Veracruz Sin Discriminaci\u00f3n\u201d (PUVSD) siempre brillan en el Carnaval de Veracruz y este 2024 no ha sido la excepci\u00f3n.<\/p>\n\n\n\n<p>Y es que las majestades de PUVSD: Michelle Engel Sandoval y C\u00e9sar de Alegr\u00eda impactaron en el primer desfile de comparsas y carros aleg\u00f3ricos que tuvo lugar este s\u00e1bado por la tarde\/noche direcci\u00f3n sur a norte de la zona conurbada Veracruz\/Boca del R\u00edo.<\/p>\n\n\n\n<p>Para este primer desfile SGM Michelle Engel y C\u00e9sar I optaron por una combinaci\u00f3n de color verde con dorado, elegantes trajes bordados en textiles brillosos con cristales, pedrer\u00edas y finas plumas, lo que daban una mayor espectacularidad a los atuendos carnestolendos.<\/p>\n\n\n\n<p>Michelle y C\u00e9sar estuvieron acompa\u00f1ados en el carro aleg\u00f3rico de la titular de \u201cPor un Veracruz Sin Discriminaci\u00f3n\u201d (PUVSD), Flypy Morales, as\u00ed como del elenco de la parodia teatral \u201cLa Huaca Mi Barrio\u201d.<\/p>\n\n\n\n<p>Las majestadas Michelle y C\u00e9sar tienen preparadas muchas sorpresas para los pr\u00f3ximos desfiles del centenario del Carnaval de Veracruz.<\/p>\n","protected":false},"excerpt":{"rendered":"<p>Alejandro \u00c1vila Veracruz, Ver.- Sin duda alguna a\u00f1o con a\u00f1o los reyes de la comunidad LGBTQ+ de la Asociaci\u00f3n Civil \u201cPor un Veracruz Sin Discriminaci\u00f3n\u201d (PUVSD) siempre brillan en el Carnaval de Veracruz y este 2024 no ha sido la excepci\u00f3n. Y es que las majestades de PUVSD: Michelle Engel Sandoval y C\u00e9sar de Alegr\u00eda [&hellip;]<\/p>\n","protected":false},"author":2476,"featured_media":56197,"comment_status":"open","ping_status":"open","sticky":false,"template":"","format":"standard","meta":{"_jetpack_memberships_contains_paid_content":false,"footnotes":""},"categories":[2],"tags":[],"class_list":["post-56195","post","type-post","status-publish","format-standard","has-post-thumbnail","hentry","category-estado"],"jetpack_featured_media_url":"https:\/\/encuentroinformativo.com.mx\/wp-content\/uploads\/2024\/07\/IMG-20240701-WA00472.jpg","jetpack_sharing_enabled":true,"jetpack_likes_enabled":true,"amp_enabled":true,"_links":{"self":[{"href":"https:\/\/encuentroinformativo.com.mx\/index.php?rest_route=\/wp\/v2\/posts\/56195","targetHints":{"allow":["GET"]}}],"collection":[{"href":"https:\/\/encuentroinformativo.com.mx\/index.php?rest_route=\/wp\/v2\/posts"}],"about":[{"href":"https:\/\/encuentroinformativo.com.mx\/index.php?rest_route=\/wp\/v2\/types\/post"}],"author":[{"embeddable":true,"href":"https:\/\/encuentroinformativo.com.mx\/index.php?rest_route=\/wp\/v2\/users\/2476"}],"replies":[{"embeddable":true,"href":"https:\/\/encuentroinformativo.com.mx\/index.php?rest_route=%2Fwp%2Fv2%2Fcomments&post=56195"}],"version-history":[{"count":1,"href":"https:\/\/encuentroinformativo.com.mx\/index.php?rest_route=\/wp\/v2\/posts\/56195\/revisions"}],"predecessor-version":[{"id":56198,"href":"https:\/\/encuentroinformativo.com.mx\/index.php?rest_route=\/wp\/v2\/posts\/56195\/revisions\/56198"}],"wp:featuredmedia":[{"embeddable":true,"href":"https:\/\/encuentroinformativo.com.mx\/index.php?rest_route=\/wp\/v2\/media\/56197"}],"wp:attachment":[{"href":"https:\/\/encuentroinformativo.com.mx\/index.php?rest_route=%2Fwp%2Fv2%2Fmedia&parent=56195"}],"wp:term":[{"taxonomy":"category","embeddable":true,"href":"https:\/\/encuentroinformativo.com.mx\/index.php?rest_route=%2Fwp%2Fv2%2Fcategories&post=56195"},{"taxonomy":"post_tag","embeddable":true,"href":"https:\/\/encuentroinformativo.com.mx\/index.php?rest_route=%2Fwp%2Fv2%2Ftags&post=56195"}],"curies":[{"name":"wp","href":"https:\/\/api.w.org\/{rel}","templated":true}]}}