{"id":5621,"date":"2020-09-07T15:42:34","date_gmt":"2020-09-07T20:42:34","guid":{"rendered":"https:\/\/encuentroinformativo.com\/?p=5621"},"modified":"2020-09-07T15:42:36","modified_gmt":"2020-09-07T20:42:36","slug":"se-desploman-ventas-de-pan-en-xico","status":"publish","type":"post","link":"https:\/\/encuentroinformativo.com.mx\/?p=5621","title":{"rendered":"Se desploman ventas de pan en Xico"},"content":{"rendered":"\n<p><strong>Juan Arcos <\/strong><\/p>\n\n\n\n<p>Xico, Ver.- Propietarios de panader\u00edas del municipio de Xico dieron a conocer que sus ventas cayeron casi 100 por ciento, durante esta pandemia del SARS-COV-2 (COVID-19).<\/p>\n\n\n\n<p>Don Luis, un panadero con una trayectoria de m\u00e1s de 20 a\u00f1os, coment\u00f3 que su mayor derrama econ\u00f3mica era gracias al turismo, actividad que fue suspendida por la emergencia sanitaria.<\/p>\n\n\n\n<p>El entrevistado indic\u00f3 que la venta de galletas, pan de huevo y pan de granillo han ca\u00eddo casi en su totalidad, debido a la falta de visitantes en el Pueblo M\u00e1gico.<\/p>\n\n\n\n<p>Adem\u00e1s, mencion\u00f3 que el consumo local del pan se ha mantenido, al tratarse de un producto de primera necesidad, situaci\u00f3n que ha permitido sostener el negocio.<\/p>\n\n\n\n<p>\u201cDurante la pandemia la venta de pan de huevo y galletas se vino para abajo, lo que se mantuvo fue la venta de pan normal, el de la venta diaria local, pero la reposter\u00eda, el pan de huevo y granillo se puede decir que no hubo venta, pues no hab\u00eda turistas ni paseantes en Xico, que son los que consumen este tipo de pan\u201d, expres\u00f3.<\/p>\n\n\n\n<p>Don Luis tambi\u00e9n refiri\u00f3 que el cambio en el sem\u00e1foro epidemiol\u00f3gico a color amarillo en la entidad veracruzana, ha sido m\u00e1s notoria la llegada de turistas al municipio, ubicado a 23 kil\u00f3metros de Xalapa.<\/p>\n\n\n\n<p>En ese sentido, consider\u00f3 que se espera un repunte en ventas durante las siguientes semanas, gracias a la reactivaci\u00f3n tur\u00edstica en la zona.<\/p>\n\n\n\n<p>Otros panaderos del Pueblo M\u00e1gico coincidieron en que las ventas fueron muy bajas durante la contingencia sanitaria y que el consumo local evit\u00f3 el cierre de estos establecimientos.<\/p>\n\n\n\n<p><\/p>\n\n\n\n<p><\/p>\n","protected":false},"excerpt":{"rendered":"<p>Juan Arcos Xico, Ver.- Propietarios de panader\u00edas del municipio de Xico dieron a conocer que sus ventas cayeron casi 100 por ciento, durante esta pandemia del SARS-COV-2 (COVID-19). Don Luis, un panadero con una trayectoria de m\u00e1s de 20 a\u00f1os, coment\u00f3 que su mayor derrama econ\u00f3mica era gracias al turismo, actividad que fue suspendida por [&hellip;]<\/p>\n","protected":false},"author":1,"featured_media":5622,"comment_status":"open","ping_status":"open","sticky":false,"template":"","format":"standard","meta":{"_jetpack_memberships_contains_paid_content":false,"footnotes":""},"categories":[8],"tags":[],"class_list":["post-5621","post","type-post","status-publish","format-standard","has-post-thumbnail","hentry","category-region"],"jetpack_featured_media_url":"https:\/\/encuentroinformativo.com.mx\/wp-content\/uploads\/2020\/09\/56BA1699-19EB-401A-9B4E-DD960225F334.jpeg","jetpack_sharing_enabled":true,"jetpack_likes_enabled":true,"amp_enabled":true,"_links":{"self":[{"href":"https:\/\/encuentroinformativo.com.mx\/index.php?rest_route=\/wp\/v2\/posts\/5621","targetHints":{"allow":["GET"]}}],"collection":[{"href":"https:\/\/encuentroinformativo.com.mx\/index.php?rest_route=\/wp\/v2\/posts"}],"about":[{"href":"https:\/\/encuentroinformativo.com.mx\/index.php?rest_route=\/wp\/v2\/types\/post"}],"author":[{"embeddable":true,"href":"https:\/\/encuentroinformativo.com.mx\/index.php?rest_route=\/wp\/v2\/users\/1"}],"replies":[{"embeddable":true,"href":"https:\/\/encuentroinformativo.com.mx\/index.php?rest_route=%2Fwp%2Fv2%2Fcomments&post=5621"}],"version-history":[{"count":1,"href":"https:\/\/encuentroinformativo.com.mx\/index.php?rest_route=\/wp\/v2\/posts\/5621\/revisions"}],"predecessor-version":[{"id":5623,"href":"https:\/\/encuentroinformativo.com.mx\/index.php?rest_route=\/wp\/v2\/posts\/5621\/revisions\/5623"}],"wp:featuredmedia":[{"embeddable":true,"href":"https:\/\/encuentroinformativo.com.mx\/index.php?rest_route=\/wp\/v2\/media\/5622"}],"wp:attachment":[{"href":"https:\/\/encuentroinformativo.com.mx\/index.php?rest_route=%2Fwp%2Fv2%2Fmedia&parent=5621"}],"wp:term":[{"taxonomy":"category","embeddable":true,"href":"https:\/\/encuentroinformativo.com.mx\/index.php?rest_route=%2Fwp%2Fv2%2Fcategories&post=5621"},{"taxonomy":"post_tag","embeddable":true,"href":"https:\/\/encuentroinformativo.com.mx\/index.php?rest_route=%2Fwp%2Fv2%2Ftags&post=5621"}],"curies":[{"name":"wp","href":"https:\/\/api.w.org\/{rel}","templated":true}]}}