{"id":56218,"date":"2024-07-01T22:43:14","date_gmt":"2024-07-02T04:43:14","guid":{"rendered":"https:\/\/encuentroinformativo.com.mx\/?p=56218"},"modified":"2024-07-01T22:43:21","modified_gmt":"2024-07-02T04:43:21","slug":"capacita-c4-a-personal-en-temas-de-lenguaje-incluyente-y-no-sexista","status":"publish","type":"post","link":"https:\/\/encuentroinformativo.com.mx\/?p=56218","title":{"rendered":"Capacita C4 a Personal en temas de Lenguaje Incluyente y no Sexista"},"content":{"rendered":"\n<p>Xalapa, Ver.- A fin de garantizar la igualdad y el buen uso del lenguaje incluyente y no sexista, el Centro Estatal de Control, Comando, Comunicaciones y C\u00f3mputo (C4) y el M\u00f3dulo de Atenci\u00f3n Mujer Alerta, impartieron el taller de capacitaci\u00f3n \u201cLenguaje incluyente y no sexista\u201d al personal interno de la dependencia.<\/p>\n\n\n\n<p>La finalidad es promover relaciones de respeto e igualdad, pues el uso de un lenguaje incluyente evita actos de exclusi\u00f3n, restricci\u00f3n, imprecisi\u00f3n, negaci\u00f3n y distinci\u00f3n en la comunicaci\u00f3n oral y escrita, las cuales son usadas dentro de la instituci\u00f3n.<\/p>\n\n\n\n<p>Durante el curso se llevaron a cabo actividades l\u00fadicas que formaron parte de la capacitaci\u00f3n, una de ellas fue la construcci\u00f3n de p\u00e1rrafos con palabras clave que permit\u00edan el inicio de la conceptualizaci\u00f3n de las ideas y as\u00ed desarrollar oraciones que fueran incluyentes evitando de esta manera hacer uso de lenguaje sexista.<\/p>\n\n\n\n<p>Esta capacitaci\u00f3n dio a conocer los elementos que componen el lenguaje incluyente, as\u00ed como tambi\u00e9n elementos gramaticales para una mejora en la redacci\u00f3n de documentos desde un enfoque con perspectiva de g\u00e9nero. Motivo por el cual se abord\u00f3 la importancia de una comunicaci\u00f3n y una escritura correcta, aplicando las herramientas adecuadas de la redacci\u00f3n como claridad y la precisi\u00f3n, entre otras.<\/p>\n\n\n\n<p>El lenguaje incluyente hace alusi\u00f3n a todas y cada una de las diferentes expresiones de comunicaci\u00f3n lo cual hace expl\u00edcito el femenino y el masculino, pero que adem\u00e1s resalta el respeto a personas y grupos sociales. Es significativo resaltar que la forma incorrecta en c\u00f3mo se expresa una persona y se comunica, puede generar una discriminaci\u00f3n, transmitiendo los estereotipos de g\u00e9nero, denostando las reivindicaciones sociales y ejerciendo violencia simb\u00f3lica contra las mujeres o grupos sociales.<\/p>\n\n\n\n<p>Para el C4 el buen uso del lenguaje incluyente es de suma importancia que el personal tenga una buena comunicaci\u00f3n tanto interna como para la ciudadan\u00eda, la educaci\u00f3n en el lenguaje significa un medio para transitar a una cultura que favorezca la igualdad y el reconocimiento de los derechos que tienen todas las mujeres sin excepci\u00f3n alguna.<\/p>\n","protected":false},"excerpt":{"rendered":"<p>Xalapa, Ver.- A fin de garantizar la igualdad y el buen uso del lenguaje incluyente y no sexista, el Centro Estatal de Control, Comando, Comunicaciones y C\u00f3mputo (C4) y el M\u00f3dulo de Atenci\u00f3n Mujer Alerta, impartieron el taller de capacitaci\u00f3n \u201cLenguaje incluyente y no sexista\u201d al personal interno de la dependencia. La finalidad es promover [&hellip;]<\/p>\n","protected":false},"author":2476,"featured_media":56219,"comment_status":"open","ping_status":"open","sticky":false,"template":"","format":"standard","meta":{"_jetpack_memberships_contains_paid_content":false,"footnotes":""},"categories":[2],"tags":[],"class_list":["post-56218","post","type-post","status-publish","format-standard","has-post-thumbnail","hentry","category-estado"],"jetpack_featured_media_url":"https:\/\/encuentroinformativo.com.mx\/wp-content\/uploads\/2024\/07\/IMG-20240701-WA0108.jpg","jetpack_sharing_enabled":true,"jetpack_likes_enabled":true,"amp_enabled":true,"_links":{"self":[{"href":"https:\/\/encuentroinformativo.com.mx\/index.php?rest_route=\/wp\/v2\/posts\/56218","targetHints":{"allow":["GET"]}}],"collection":[{"href":"https:\/\/encuentroinformativo.com.mx\/index.php?rest_route=\/wp\/v2\/posts"}],"about":[{"href":"https:\/\/encuentroinformativo.com.mx\/index.php?rest_route=\/wp\/v2\/types\/post"}],"author":[{"embeddable":true,"href":"https:\/\/encuentroinformativo.com.mx\/index.php?rest_route=\/wp\/v2\/users\/2476"}],"replies":[{"embeddable":true,"href":"https:\/\/encuentroinformativo.com.mx\/index.php?rest_route=%2Fwp%2Fv2%2Fcomments&post=56218"}],"version-history":[{"count":1,"href":"https:\/\/encuentroinformativo.com.mx\/index.php?rest_route=\/wp\/v2\/posts\/56218\/revisions"}],"predecessor-version":[{"id":56220,"href":"https:\/\/encuentroinformativo.com.mx\/index.php?rest_route=\/wp\/v2\/posts\/56218\/revisions\/56220"}],"wp:featuredmedia":[{"embeddable":true,"href":"https:\/\/encuentroinformativo.com.mx\/index.php?rest_route=\/wp\/v2\/media\/56219"}],"wp:attachment":[{"href":"https:\/\/encuentroinformativo.com.mx\/index.php?rest_route=%2Fwp%2Fv2%2Fmedia&parent=56218"}],"wp:term":[{"taxonomy":"category","embeddable":true,"href":"https:\/\/encuentroinformativo.com.mx\/index.php?rest_route=%2Fwp%2Fv2%2Fcategories&post=56218"},{"taxonomy":"post_tag","embeddable":true,"href":"https:\/\/encuentroinformativo.com.mx\/index.php?rest_route=%2Fwp%2Fv2%2Ftags&post=56218"}],"curies":[{"name":"wp","href":"https:\/\/api.w.org\/{rel}","templated":true}]}}