{"id":56226,"date":"2024-07-02T13:58:16","date_gmt":"2024-07-02T19:58:16","guid":{"rendered":"https:\/\/encuentroinformativo.com.mx\/?p=56226"},"modified":"2024-07-02T13:58:25","modified_gmt":"2024-07-02T19:58:25","slug":"por-presuntos-malos-manejos-padres-piden-investigar-internado-de-perote","status":"publish","type":"post","link":"https:\/\/encuentroinformativo.com.mx\/?p=56226","title":{"rendered":"Por presuntos malos manejos, padres piden investigar internado de Perote"},"content":{"rendered":"\n<p><strong>Dar\u00edo Pale <\/strong><\/p>\n\n\n\n<p>Xalapa, Ver.- Denuncian p\u00fablicamente al director del internado &#8220;Aquiles Serd\u00e1n&#8221;, n\u00famero 22 del municipio de Perote, dependiente de la SEP, Jos\u00e9 Antonio Domingo Arreola; estar\u00eda incurriendo en diversas irregularidades en contra del plantel y en contra de los menores que ah\u00ed se quedan toda la semana.<\/p>\n\n\n\n<p>En conferencia de prensa se\u00f1alaron que, les est\u00e1n dando de comer comida podrida, hay maltrato psicol\u00f3gico, violencia de los docentes, entre otros.<\/p>\n\n\n\n<p>Nemi Bonilla C\u00e1zares, representante legal de un grupo de madres de familia, solicit\u00f3 un proceso de investigaci\u00f3n en contra del director, quien tiene diversas denuncias por acoso, negligencia, en otros planteles como Catemaco.<\/p>\n\n\n\n<p>El director ya fue denunciado penalmente ante la Fiscal\u00eda General del Estado por acoso y otras irregularidades, as\u00ed como la comida con gusanos y alimentos podridos.<\/p>\n\n\n\n<p>Los ni\u00f1os que estudian ah\u00ed el nivel primaria tienen un horario de 7 de la ma\u00f1ana a 7 de la noche, pero se quedan a dormir, ya que muchos son de comunidades de Perote, de Las Vigas y otros lugares cercanos.<\/p>\n\n\n\n<p>Ah\u00ed los pap\u00e1s van y dejan a los menores los lunes temprano con sus art\u00edculos personales y los recogen el viernes a las 2 de la tarde y durante el fin de semana est\u00e1n con su familia.<\/p>\n\n\n\n<p>La cuota que se cobra al iniciar el ciclo escolar es de 700 pesos por estudiante, pero anteriormente era por familia, es decir, antes pod\u00edan llevar a dos o tres ni\u00f1os por familia por una sola cuota.<\/p>\n\n\n\n<p>&#8220;Est\u00e1n dando comida en mal estado, ya no hay psic\u00f3logos, ya no hay actividades de recreaci\u00f3n, muchas de las actividades que antes se hac\u00edan como el 30 de abril, pero el director las est\u00e1 quitando&#8221;, se\u00f1alaron.<\/p>\n\n\n\n<p>&#8220;Creemos que hay desv\u00edo de recursos y lo que pedimos primero es que se suspenda al director y se investigue qu\u00e9 est\u00e1 pasando con el dinero y todo lo que est\u00e1 pasando&#8221;, agregaron.<\/p>\n\n\n\n<p>Las madres de familia inconformes denunciaron que les dan sopa de col con gusanos, pero su alimentaci\u00f3n es precaria y deficiente.<\/p>\n\n\n\n<p>&#8220;Tenemos pruebas, tenemos oficios, tenemos fotos de la comida. Queremos que se haga una investigaci\u00f3n&#8221;, comentaron.<\/p>\n\n\n\n<p>Finalmente expusieron que una gran mayor\u00eda son hijos de madres solteras que tienen la necesidad de dejarlos ah\u00ed.<\/p>\n\n\n\n<figure class=\"wp-block-image size-large\"><img loading=\"lazy\" decoding=\"async\" width=\"900\" height=\"967\" src=\"https:\/\/encuentroinformativo.com.mx\/wp-content\/uploads\/2024\/07\/1000334426.jpg\" alt=\"\" class=\"wp-image-56228\" srcset=\"https:\/\/encuentroinformativo.com.mx\/wp-content\/uploads\/2024\/07\/1000334426.jpg 900w, https:\/\/encuentroinformativo.com.mx\/wp-content\/uploads\/2024\/07\/1000334426-279x300.jpg 279w, https:\/\/encuentroinformativo.com.mx\/wp-content\/uploads\/2024\/07\/1000334426-768x825.jpg 768w\" sizes=\"auto, (max-width: 900px) 100vw, 900px\" \/><\/figure>\n","protected":false},"excerpt":{"rendered":"<p>Dar\u00edo Pale Xalapa, Ver.- Denuncian p\u00fablicamente al director del internado &#8220;Aquiles Serd\u00e1n&#8221;, n\u00famero 22 del municipio de Perote, dependiente de la SEP, Jos\u00e9 Antonio Domingo Arreola; estar\u00eda incurriendo en diversas irregularidades en contra del plantel y en contra de los menores que ah\u00ed se quedan toda la semana. En conferencia de prensa se\u00f1alaron que, les [&hellip;]<\/p>\n","protected":false},"author":2476,"featured_media":56227,"comment_status":"open","ping_status":"open","sticky":false,"template":"","format":"standard","meta":{"_jetpack_memberships_contains_paid_content":false,"footnotes":""},"categories":[8],"tags":[],"class_list":["post-56226","post","type-post","status-publish","format-standard","has-post-thumbnail","hentry","category-region"],"jetpack_featured_media_url":"https:\/\/encuentroinformativo.com.mx\/wp-content\/uploads\/2024\/07\/IMG-20240702-WA00532.jpg","jetpack_sharing_enabled":true,"jetpack_likes_enabled":true,"amp_enabled":true,"_links":{"self":[{"href":"https:\/\/encuentroinformativo.com.mx\/index.php?rest_route=\/wp\/v2\/posts\/56226","targetHints":{"allow":["GET"]}}],"collection":[{"href":"https:\/\/encuentroinformativo.com.mx\/index.php?rest_route=\/wp\/v2\/posts"}],"about":[{"href":"https:\/\/encuentroinformativo.com.mx\/index.php?rest_route=\/wp\/v2\/types\/post"}],"author":[{"embeddable":true,"href":"https:\/\/encuentroinformativo.com.mx\/index.php?rest_route=\/wp\/v2\/users\/2476"}],"replies":[{"embeddable":true,"href":"https:\/\/encuentroinformativo.com.mx\/index.php?rest_route=%2Fwp%2Fv2%2Fcomments&post=56226"}],"version-history":[{"count":1,"href":"https:\/\/encuentroinformativo.com.mx\/index.php?rest_route=\/wp\/v2\/posts\/56226\/revisions"}],"predecessor-version":[{"id":56229,"href":"https:\/\/encuentroinformativo.com.mx\/index.php?rest_route=\/wp\/v2\/posts\/56226\/revisions\/56229"}],"wp:featuredmedia":[{"embeddable":true,"href":"https:\/\/encuentroinformativo.com.mx\/index.php?rest_route=\/wp\/v2\/media\/56227"}],"wp:attachment":[{"href":"https:\/\/encuentroinformativo.com.mx\/index.php?rest_route=%2Fwp%2Fv2%2Fmedia&parent=56226"}],"wp:term":[{"taxonomy":"category","embeddable":true,"href":"https:\/\/encuentroinformativo.com.mx\/index.php?rest_route=%2Fwp%2Fv2%2Fcategories&post=56226"},{"taxonomy":"post_tag","embeddable":true,"href":"https:\/\/encuentroinformativo.com.mx\/index.php?rest_route=%2Fwp%2Fv2%2Ftags&post=56226"}],"curies":[{"name":"wp","href":"https:\/\/api.w.org\/{rel}","templated":true}]}}