{"id":56234,"date":"2024-07-02T17:59:01","date_gmt":"2024-07-02T23:59:01","guid":{"rendered":"https:\/\/encuentroinformativo.com.mx\/?p=56234"},"modified":"2024-07-02T17:59:09","modified_gmt":"2024-07-02T23:59:09","slug":"entregaran-a-rocio-nahle-proyecto-de-80-murales-en-callejon-de-los-espantos-en-tlacotalpan","status":"publish","type":"post","link":"https:\/\/encuentroinformativo.com.mx\/?p=56234","title":{"rendered":"Entregar\u00e1n a Roc\u00edo Nahle proyecto de 80 murales en Callej\u00f3n de los Espantos en Tlacotalpan"},"content":{"rendered":"\n<p><strong>Alejandro \u00c1vila<\/strong><\/p>\n\n\n\n<p>Tlacotalpan, Ver.- Un nuevo atractivo est\u00e1 en puerta en &#8220;La Perla del Papalapan&#8221;, pues se pretende qui\u00e9n el Callej\u00f3n de Los Espantos se realicen murales de mitos y leyendas de Tlacotalpan acompa\u00f1ados de las letras de unas d\u00e9cimas.<\/p>\n\n\n\n<p>Armando Vergara Mendiola, primer Gu\u00eda de Turistas de Tlacotalpan, es quien lleva las riendas del proyecto, aunque las obras estar\u00edan a cargo del muralista, Ricardo Cort\u00e9s.<\/p>\n\n\n\n<p>Durante campa\u00f1a la idea fue presentada a la ahora gobernadora electa, Roc\u00edo Nahle Garc\u00eda, y se pretende entregar el proyecto formal una vez que tome protesta en diciembre pr\u00f3ximo.<\/p>\n\n\n\n<p>&#8220;En este proyecto de mitos y leyendas cada historia de este proyecto va a llevar una d\u00e9cima (\u2026) m\u00e1s de 80 murales de mitos y leyendas para darle ese realce no tan solo a Tlacotalpan, si no a todo el estado de Veracruz porque cada d\u00eda con nuestra nueva gobernadora vamos a salir adelante, tenemos nuestra fe los tlacotalpe\u00f1os&#8221;, asest\u00f3.<\/p>\n\n\n\n<p>De esta manera se busca incrementar el atractivo tur\u00edstico de la ciudad Patrimonio Cultural de la Humanidad declarada por la UNESCO el 2 de diciembre de 1998.<\/p>\n\n\n\n<figure class=\"wp-block-image size-large\"><img loading=\"lazy\" decoding=\"async\" width=\"1024\" height=\"768\" src=\"https:\/\/encuentroinformativo.com.mx\/wp-content\/uploads\/2024\/07\/1000334532-1024x768.jpg\" alt=\"\" class=\"wp-image-56236\" srcset=\"https:\/\/encuentroinformativo.com.mx\/wp-content\/uploads\/2024\/07\/1000334532-1024x768.jpg 1024w, https:\/\/encuentroinformativo.com.mx\/wp-content\/uploads\/2024\/07\/1000334532-300x225.jpg 300w, https:\/\/encuentroinformativo.com.mx\/wp-content\/uploads\/2024\/07\/1000334532-768x576.jpg 768w, https:\/\/encuentroinformativo.com.mx\/wp-content\/uploads\/2024\/07\/1000334532-1536x1152.jpg 1536w, https:\/\/encuentroinformativo.com.mx\/wp-content\/uploads\/2024\/07\/1000334532.jpg 1600w\" sizes=\"auto, (max-width: 1024px) 100vw, 1024px\" \/><\/figure>\n","protected":false},"excerpt":{"rendered":"<p>Alejandro \u00c1vila Tlacotalpan, Ver.- Un nuevo atractivo est\u00e1 en puerta en &#8220;La Perla del Papalapan&#8221;, pues se pretende qui\u00e9n el Callej\u00f3n de Los Espantos se realicen murales de mitos y leyendas de Tlacotalpan acompa\u00f1ados de las letras de unas d\u00e9cimas. Armando Vergara Mendiola, primer Gu\u00eda de Turistas de Tlacotalpan, es quien lleva las riendas del [&hellip;]<\/p>\n","protected":false},"author":2476,"featured_media":56235,"comment_status":"open","ping_status":"open","sticky":false,"template":"","format":"standard","meta":{"_jetpack_memberships_contains_paid_content":false,"footnotes":""},"categories":[2],"tags":[],"class_list":["post-56234","post","type-post","status-publish","format-standard","has-post-thumbnail","hentry","category-estado"],"jetpack_featured_media_url":"https:\/\/encuentroinformativo.com.mx\/wp-content\/uploads\/2024\/07\/IMG-20240702-WA0014.jpg","jetpack_sharing_enabled":true,"jetpack_likes_enabled":true,"amp_enabled":true,"_links":{"self":[{"href":"https:\/\/encuentroinformativo.com.mx\/index.php?rest_route=\/wp\/v2\/posts\/56234","targetHints":{"allow":["GET"]}}],"collection":[{"href":"https:\/\/encuentroinformativo.com.mx\/index.php?rest_route=\/wp\/v2\/posts"}],"about":[{"href":"https:\/\/encuentroinformativo.com.mx\/index.php?rest_route=\/wp\/v2\/types\/post"}],"author":[{"embeddable":true,"href":"https:\/\/encuentroinformativo.com.mx\/index.php?rest_route=\/wp\/v2\/users\/2476"}],"replies":[{"embeddable":true,"href":"https:\/\/encuentroinformativo.com.mx\/index.php?rest_route=%2Fwp%2Fv2%2Fcomments&post=56234"}],"version-history":[{"count":1,"href":"https:\/\/encuentroinformativo.com.mx\/index.php?rest_route=\/wp\/v2\/posts\/56234\/revisions"}],"predecessor-version":[{"id":56237,"href":"https:\/\/encuentroinformativo.com.mx\/index.php?rest_route=\/wp\/v2\/posts\/56234\/revisions\/56237"}],"wp:featuredmedia":[{"embeddable":true,"href":"https:\/\/encuentroinformativo.com.mx\/index.php?rest_route=\/wp\/v2\/media\/56235"}],"wp:attachment":[{"href":"https:\/\/encuentroinformativo.com.mx\/index.php?rest_route=%2Fwp%2Fv2%2Fmedia&parent=56234"}],"wp:term":[{"taxonomy":"category","embeddable":true,"href":"https:\/\/encuentroinformativo.com.mx\/index.php?rest_route=%2Fwp%2Fv2%2Fcategories&post=56234"},{"taxonomy":"post_tag","embeddable":true,"href":"https:\/\/encuentroinformativo.com.mx\/index.php?rest_route=%2Fwp%2Fv2%2Ftags&post=56234"}],"curies":[{"name":"wp","href":"https:\/\/api.w.org\/{rel}","templated":true}]}}